{"id":3610,"date":"2026-03-05T01:44:21","date_gmt":"2026-03-05T00:44:21","guid":{"rendered":"https:\/\/pressmedias.ma\/?p=3610"},"modified":"2026-03-05T01:44:21","modified_gmt":"2026-03-05T00:44:21","slug":"des-investissements-multisectoriels-pour-dynamiser-la-croissance-economique-et-sociale-regionale","status":"publish","type":"post","link":"https:\/\/pressmedias.ma\/?p=3610","title":{"rendered":"Des investissements multisectoriels pour dynamiser la croissance \u00e9conomique et sociale r\u00e9gionale"},"content":{"rendered":"<p><strong>Le Conseil de la r\u00e9gion B\u00e9ni Mellal-Kh\u00e9nifra a tenu, lundi 2 mars 2026, les travaux de sa session ordinaire du mois de mars, sous la pr\u00e9sidence\u00a0 du Pr\u00e9sident du Conseil, en pr\u00e9sence\u00a0 du Wali de la r\u00e9gion,\u00a0 du Gouverneur de la province\u00a0 de Fquih\u00a0 Ben\u00a0 Salah, des Secr\u00e9taires g\u00e9n\u00e9raux des provinces d\u2019Azilal et de Kh\u00e9nifra, ainsi que des membres du Conseil. Cette session s\u2019est distingu\u00e9e par l\u2019adoption d\u2019un ensemble de projets structurants et de conventions strat\u00e9giques portant sur des secteurs vitaux, dans le cadre de l\u2019acc\u00e9l\u00e9ration de la mise en \u0153uvre du Programme de d\u00e9veloppement r\u00e9gional et du renforcement de la dynamique \u00e9conomique et sociale dans l\u2019ensemble des provinces de la r\u00e9gion.<\/strong><\/p>\n<p>Dans une d\u00e9claration, le pr\u00e9sident du conseil de la r\u00e9gion , Adil Barakat a soulign\u00e9 qu\u2019aujourd\u2019hui, le si\u00e8ge de la r\u00e9gion de Beni Mellal-Kh\u00e9nifra a\u00a0 abrit\u00e9 la session ordinaire du mois de mars qui s\u2019est d\u00e9roul\u00e9e dans une ambiance particuli\u00e8re, autour d\u2019environ 27 points r\u00e9partis sur un ensemble\u00a0 d\u2019axes de d\u00e9veloppement, que ce soit la r\u00e9habilitation de plusieurs zones industrielles, le secteur agricole, l\u2019investissement, ainsi que des projets importants pour soutenir l\u2019investissement via le fonds de soutien \u00e0 l\u2019investissement dans la r\u00e9gion, et encourager les entreprises. Il y a \u00e9galement d\u2019autres accords importants, a-t-il ajout\u00e9 , concernant les zones rurales et montagneuses, avec des secteurs importants tels que le minist\u00e8re de l\u2019Agriculture, l\u2019Int\u00e9rieur, le Logement, l\u2019Industrie et le Commerce. Ainsi, un ensemble de projets verra le jour. Ce qui\u00a0 confirme l\u2019ampleur de l\u2019intervention du conseil\u00a0 de la r\u00e9gion dans divers secteurs. Il y a aussi d\u2019autres accords divers pour les provinces de Khouribga, de Kh\u00e9nifra et\u00a0 d\u2019autres provinces, en plus d\u2019autres projets importants.<\/p>\n<p><strong>Grands projets de renforcement des infrastructures<\/strong><\/p>\n<p>Le Conseil a approuv\u00e9 plusieurs conventions relatives \u00e0 la r\u00e9habilitation et \u00e0 l\u2019extension du r\u00e9seau routier r\u00e9gional et rural, au d\u00e9senclavement de plusieurs collectivit\u00e9s territoriales, ainsi qu\u2019au soutien aux projets d\u2019am\u00e9nagement des centres \u00e9mergents et \u00e0 l\u2019am\u00e9lioration de la connectivit\u00e9 avec les zones industrielles et agricoles, contribuant ainsi \u00e0 renforcer l\u2019attractivit\u00e9 territoriale de la r\u00e9gion.<\/p>\n<p><strong>Priorit\u00e9 \u00e0 la s\u00e9curit\u00e9 hydrique et \u00e0 la protection de l\u2019environnement<\/strong><\/p>\n<p>Face aux d\u00e9fis climatiques actuels, des projets d\u2019alimentation du monde rural en eau potable et des programmes de protection des ressources hydriques ont \u00e9t\u00e9 valid\u00e9s. Des conventions portant sur la gestion des d\u00e9chets et le renforcement des infrastructures environnementales ont \u00e9galement \u00e9t\u00e9 adopt\u00e9es, confirmant la s\u00e9curit\u00e9 hydrique et la transition \u00e9cologique comme priorit\u00e9s strat\u00e9giques majeures.<\/p>\n<p><strong>Stimulation de l\u2019investissement et soutien \u00e0 l\u2019\u00e9conomie r\u00e9gionale<\/strong><\/p>\n<p>Le Conseil a \u00e9galement examin\u00e9 et approuv\u00e9 des initiatives visant \u00e0 soutenir les zones industrielles, \u00e0 accompagner les petites et moyennes entreprises et \u00e0 promouvoir l\u2019\u00e9conomie sociale et solidaire, avec pour objectif la cr\u00e9ation d\u2019emplois durables et le renforcement de la comp\u00e9titivit\u00e9 du tissu \u00e9conomique r\u00e9gional.<\/p>\n<p><strong>Soutien au secteur agricole et au d\u00e9veloppement rural<\/strong><\/p>\n<p>Les approbations ont port\u00e9 sur des projets de valorisation des fili\u00e8res agricoles, d\u2019am\u00e9lioration des infrastructures d\u2019irrigation et de promotion des produits du terroir, consolidant ainsi la position de la r\u00e9gion en tant que p\u00f4le agricole national et contribuant \u00e0 l\u2019augmentation des revenus des agriculteurs.<\/p>\n<p><strong>Une dimension sociale au c\u0153ur des priorit\u00e9s<\/strong><\/p>\n<p>Sur le plan social, des conventions ont \u00e9t\u00e9 adopt\u00e9es pour soutenir le secteur de la sant\u00e9 et renforcer l\u2019\u00e9quipement des \u00e9tablissements hospitaliers. Des programmes destin\u00e9s aux populations vuln\u00e9rables et visant \u00e0 am\u00e9liorer l\u2019acc\u00e8s aux services de base ont \u00e9galement \u00e9t\u00e9 valid\u00e9s, dans une perspective de justice territoriale.<\/p>\n<p><strong>Jeunesse, culture et sport<\/strong><\/p>\n<p>Les travaux de la session ont par ailleurs inclus des projets de cr\u00e9ation et de r\u00e9habilitation de terrains de proximit\u00e9 et d\u2019infrastructures sportives, le soutien aux manifestations culturelles, ainsi que des programmes destin\u00e9s aux jeunes dans les domaines de la formation et de l\u2019insertion, afin de consolider le capital humain r\u00e9gional.<\/p>\n<p>En cl\u00f4ture des travaux, le Pr\u00e9sident du Conseil a soulign\u00e9 que ces projets constituent une impulsion forte pour le processus de d\u00e9veloppement r\u00e9gional, r\u00e9affirmant l\u2019engagement du Conseil \u00e0 acc\u00e9l\u00e9rer le rythme de r\u00e9alisation, \u00e0 renforcer les m\u00e9canismes de suivi et de gouvernance et \u00e0 adopter une approche participative pla\u00e7ant l\u2019int\u00e9r\u00eat des citoyens au centre des priorit\u00e9s. \u00c0 travers ces d\u00e9cisions, le Conseil r\u00e9gional poursuit la consolidation du positionnement de la r\u00e9gion en tant qu\u2019espace attractif pour l\u2019investissement et p\u00f4le de d\u00e9veloppement \u00e9mergent \u00e0 l\u2019\u00e9chelle nationale.<\/p>\n<p><strong>SAID FRIX ALM<\/strong><\/p>\n","protected":false},"excerpt":{"rendered":"<p>Le Conseil de la r\u00e9gion B\u00e9ni Mellal-Kh\u00e9nifra a tenu, lundi 2 mars 2026, les travaux de sa session ordinaire du mois de mars, sous la pr\u00e9sidence\u00a0 du Pr\u00e9sident du Conseil, en pr\u00e9sence\u00a0 du Wali de la r\u00e9gion,\u00a0 du Gouverneur de la province\u00a0 de Fquih\u00a0 Ben\u00a0 Salah, des Secr\u00e9taires g\u00e9n\u00e9raux des provinces d\u2019Azilal et de Kh\u00e9nifra, [&hellip;]<\/p>\n","protected":false},"author":4,"featured_media":3611,"comment_status":"open","ping_status":"open","sticky":false,"template":"","format":"standard","meta":{"footnotes":""},"categories":[1],"tags":[],"class_list":["post-3610","post","type-post","status-publish","format-standard","has-post-thumbnail","hentry","category-1"],"_links":{"self":[{"href":"https:\/\/pressmedias.ma\/index.php?rest_route=\/wp\/v2\/posts\/3610","targetHints":{"allow":["GET"]}}],"collection":[{"href":"https:\/\/pressmedias.ma\/index.php?rest_route=\/wp\/v2\/posts"}],"about":[{"href":"https:\/\/pressmedias.ma\/index.php?rest_route=\/wp\/v2\/types\/post"}],"author":[{"embeddable":true,"href":"https:\/\/pressmedias.ma\/index.php?rest_route=\/wp\/v2\/users\/4"}],"replies":[{"embeddable":true,"href":"https:\/\/pressmedias.ma\/index.php?rest_route=%2Fwp%2Fv2%2Fcomments&post=3610"}],"version-history":[{"count":1,"href":"https:\/\/pressmedias.ma\/index.php?rest_route=\/wp\/v2\/posts\/3610\/revisions"}],"predecessor-version":[{"id":3612,"href":"https:\/\/pressmedias.ma\/index.php?rest_route=\/wp\/v2\/posts\/3610\/revisions\/3612"}],"wp:featuredmedia":[{"embeddable":true,"href":"https:\/\/pressmedias.ma\/index.php?rest_route=\/wp\/v2\/media\/3611"}],"wp:attachment":[{"href":"https:\/\/pressmedias.ma\/index.php?rest_route=%2Fwp%2Fv2%2Fmedia&parent=3610"}],"wp:term":[{"taxonomy":"category","embeddable":true,"href":"https:\/\/pressmedias.ma\/index.php?rest_route=%2Fwp%2Fv2%2Fcategories&post=3610"},{"taxonomy":"post_tag","embeddable":true,"href":"https:\/\/pressmedias.ma\/index.php?rest_route=%2Fwp%2Fv2%2Ftags&post=3610"}],"curies":[{"name":"wp","href":"https:\/\/api.w.org\/{rel}","templated":true}]}}