{"id":3613,"date":"2026-03-05T01:43:57","date_gmt":"2026-03-05T00:43:57","guid":{"rendered":"https:\/\/pressmedias.ma\/?p=3613"},"modified":"2026-03-05T01:43:57","modified_gmt":"2026-03-05T00:43:57","slug":"gouvernance-locale-et-innovation-technologique-au-coeur-de-la-reforme-du-transport-scolaire","status":"publish","type":"post","link":"https:\/\/pressmedias.ma\/?p=3613","title":{"rendered":"Gouvernance locale et innovation technologique au c\u0153ur de la r\u00e9forme du transport scolaire"},"content":{"rendered":"<p>Le gouverneur de la province de Fquih Ben Salah, Mohamed Karnachi, a pr\u00e9sid\u00e9,\u00a0 jeudi 19 f\u00e9vrier 2026,au si\u00e8ge de l\u2019annexe pr\u00e9fectorale, la c\u00e9r\u00e9monie officielle de remise de nouveaux bus destin\u00e9s au transport scolaire.<\/p>\n<p>Cette initiative s\u2019inscrit dans le cadre d\u2019un partenariat \u00e9largi, illustrant la conviction que la question \u00e9ducative rel\u00e8ve d\u2019une responsabilit\u00e9 collective mobilisant l\u2019ensemble des acteurs institutionnels, \u00e9conomiques et sociaux. \u00c0 ce titre, le Conseil provincial a financ\u00e9 l\u2019acquisition de six bus pour un montant de 2,4 millions de dirhams, tandis que le Groupe OCP a contribu\u00e9 \u00e0 hauteur de seize bus, repr\u00e9sentant une enveloppe de 8 millions de dirhams, dans le cadre de sa politique de responsabilit\u00e9 sociale. De son c\u00f4t\u00e9, l\u2019Initiative Nationale pour le D\u00e9veloppement Humain a apport\u00e9 son soutien aux projets sociaux favorisant la scolarisation, notamment en milieu rural.<\/p>\n<p>Au-del\u00e0 de la simple dotation en v\u00e9hicules, cette op\u00e9ration vise avant tout \u00e0 r\u00e9duire l\u2019abandon scolaire, particuli\u00e8rement chez les filles des zones rurales, et \u00e0 garantir aux \u00e9l\u00e8ves des conditions de transport s\u00fbres et dignes, propices \u00e0 la poursuite de leur parcours \u00e9ducatif. Dans une optique d\u2019efficacit\u00e9 et de p\u00e9rennit\u00e9, la gestion du service sera confi\u00e9e \u00e0 la Soci\u00e9t\u00e9 de d\u00e9veloppement local Tahfiz Fquih Ben Salah, charg\u00e9e d\u2019assurer une gestion rationalis\u00e9e du parc, une maintenance r\u00e9guli\u00e8re, le respect strict des normes de s\u00e9curit\u00e9 ainsi qu\u2019une coordination globale de ce service public essentiel.<\/p>\n<p>L\u2019enjeu ne se limite donc pas au nombre de bus d\u00e9ploy\u00e9s, mais repose surtout sur la qualit\u00e9 de la gouvernance, la transparence des crit\u00e8res d\u2019acc\u00e8s et le suivi continu sur le terrain, afin de garantir l\u2019impact durable de cette action. Le transport scolaire repr\u00e9sente, en effet, un v\u00e9ritable trait d\u2019union quotidien entre le domicile et l\u2019\u00e9cole, contribuant \u00e0 r\u00e9duire la vuln\u00e9rabilit\u00e9 sociale et \u00e0 ouvrir des perspectives \u00a0d\u2019avenir aux \u00e9l\u00e8ves.<\/p>\n<p>La c\u00e9r\u00e9monie a \u00e9galement \u00e9t\u00e9 marqu\u00e9e par l\u2019annonce du lancement d\u2019une flotte de bus intelligents, \u00e9quip\u00e9s de technologies modernes permettant aux parents et tuteurs de suivre en temps r\u00e9el les d\u00e9placements de leurs enfants. Ce dispositif innovant vise \u00e0 renforcer la s\u00e9curit\u00e9 des \u00e9l\u00e8ves et \u00e0 am\u00e9liorer la qualit\u00e9 des services de transport scolaire \u00e0 l\u2019\u00e9chelle provinciale. \u00c0 travers cette d\u00e9marche int\u00e9grant \u00e0 la fois dimension sociale et innovation technologique, la province r\u00e9affirme son engagement en faveur de la g\u00e9n\u00e9ralisation de la scolarisation et de la lutte contre la d\u00e9perdition scolaire, en particulier dans les territoires ruraux.<\/p>\n<p>Cette dynamique s\u2019inscrit dans une vision de d\u00e9veloppement territorial int\u00e9gr\u00e9e, faisant du transport scolaire un levier strat\u00e9gique d\u2019\u00e9galit\u00e9 des chances et de coh\u00e9sion sociale. En facilitant l\u2019acc\u00e8s quotidien \u00e0 l\u2019\u00e9cole pour des centaines d\u2019\u00e9l\u00e8ves issus des douars et communes rurales, la province ambitionne de consolider les acquis \u00e9ducatifs, de soutenir la r\u00e9ussite scolaire et de cr\u00e9er les conditions d\u2019un avenir plus inclusif pour l\u2019ensemble de sa jeunesse.<\/p>\n<p>SAID FRIX ALM<\/p>\n<p>&nbsp;<\/p>\n<p>&nbsp;<\/p>\n","protected":false},"excerpt":{"rendered":"<p>Le gouverneur de la province de Fquih Ben Salah, Mohamed Karnachi, a pr\u00e9sid\u00e9,\u00a0 jeudi 19 f\u00e9vrier 2026,au si\u00e8ge de l\u2019annexe pr\u00e9fectorale, la c\u00e9r\u00e9monie officielle de remise de nouveaux bus destin\u00e9s au transport scolaire. Cette initiative s\u2019inscrit dans le cadre d\u2019un partenariat \u00e9largi, illustrant la conviction que la question \u00e9ducative rel\u00e8ve d\u2019une responsabilit\u00e9 collective mobilisant l\u2019ensemble [&hellip;]<\/p>\n","protected":false},"author":4,"featured_media":3614,"comment_status":"open","ping_status":"open","sticky":false,"template":"","format":"standard","meta":{"footnotes":""},"categories":[1],"tags":[],"class_list":["post-3613","post","type-post","status-publish","format-standard","has-post-thumbnail","hentry","category-1"],"_links":{"self":[{"href":"https:\/\/pressmedias.ma\/index.php?rest_route=\/wp\/v2\/posts\/3613","targetHints":{"allow":["GET"]}}],"collection":[{"href":"https:\/\/pressmedias.ma\/index.php?rest_route=\/wp\/v2\/posts"}],"about":[{"href":"https:\/\/pressmedias.ma\/index.php?rest_route=\/wp\/v2\/types\/post"}],"author":[{"embeddable":true,"href":"https:\/\/pressmedias.ma\/index.php?rest_route=\/wp\/v2\/users\/4"}],"replies":[{"embeddable":true,"href":"https:\/\/pressmedias.ma\/index.php?rest_route=%2Fwp%2Fv2%2Fcomments&post=3613"}],"version-history":[{"count":1,"href":"https:\/\/pressmedias.ma\/index.php?rest_route=\/wp\/v2\/posts\/3613\/revisions"}],"predecessor-version":[{"id":3615,"href":"https:\/\/pressmedias.ma\/index.php?rest_route=\/wp\/v2\/posts\/3613\/revisions\/3615"}],"wp:featuredmedia":[{"embeddable":true,"href":"https:\/\/pressmedias.ma\/index.php?rest_route=\/wp\/v2\/media\/3614"}],"wp:attachment":[{"href":"https:\/\/pressmedias.ma\/index.php?rest_route=%2Fwp%2Fv2%2Fmedia&parent=3613"}],"wp:term":[{"taxonomy":"category","embeddable":true,"href":"https:\/\/pressmedias.ma\/index.php?rest_route=%2Fwp%2Fv2%2Fcategories&post=3613"},{"taxonomy":"post_tag","embeddable":true,"href":"https:\/\/pressmedias.ma\/index.php?rest_route=%2Fwp%2Fv2%2Ftags&post=3613"}],"curies":[{"name":"wp","href":"https:\/\/api.w.org\/{rel}","templated":true}]}}