{"id":3617,"date":"2026-03-05T01:43:40","date_gmt":"2026-03-05T00:43:40","guid":{"rendered":"https:\/\/pressmedias.ma\/?p=3617"},"modified":"2026-03-05T01:43:40","modified_gmt":"2026-03-05T00:43:40","slug":"coordination-et-gouvernance-la-province-dazilal-met-laccent-sur-le-suivi-et-la-performance-des-projets-locaux","status":"publish","type":"post","link":"https:\/\/pressmedias.ma\/?p=3617","title":{"rendered":"Coordination et gouvernance : la Province d\u2019Azilal met l\u2019accent sur le suivi et la performance des projets locaux"},"content":{"rendered":"<p><strong>Les deux r\u00e9unions se sont tenues au si\u00e8ge de la Province d\u2019Azilal , jeudi 19 f\u00e9vrier 2026\u00a0 sous la pr\u00e9sidence du gouverneur d\u2019Azilal, Hassan Zitouni, ont \u00e9t\u00e9 consacr\u00e9es \u00e0 l\u2019examen des projets r\u00e9alis\u00e9s, en cours d\u2019ex\u00e9cution ainsi que programm\u00e9s dans le ressort territorial des communes d\u2019<\/strong><strong>Azilal<\/strong><strong> et de <\/strong><strong>Demnate<\/strong><strong>, par les diff\u00e9rents intervenants<\/strong>.<\/p>\n<p>Dans son allocution d\u2019ouverture, Monsieur le Gouverneur a soulign\u00e9 que ces r\u00e9unions visent \u00e0 assurer un suivi rapproch\u00e9 de l\u2019\u00e9tat d\u2019avancement des projets, \u00e0 examiner les difficult\u00e9s et contraintes rencontr\u00e9es sur le terrain et \u00e0 proposer des solutions ainsi que des recommandations concr\u00e8tes afin d\u2019acc\u00e9l\u00e9rer le rythme de r\u00e9alisation.<\/p>\n<p>Les travaux ont d\u00e9but\u00e9 par la pr\u00e9sentation des r\u00e9alisations au niveau de la commune territoriale d\u2019Azilal, o\u00f9 chaque projet a \u00e9t\u00e9 examin\u00e9 individuellement afin d\u2019identifier les probl\u00e9matiques et les insuffisances et d\u2019y apporter des r\u00e9ponses adapt\u00e9es au cours de la r\u00e9union. La m\u00eame d\u00e9marche a ensuite \u00e9t\u00e9 appliqu\u00e9e \u00e0 la commune territoriale de Demnate, permettant une \u00e9valuation d\u00e9taill\u00e9e de l\u2019ensemble des op\u00e9rations engag\u00e9es.<\/p>\n<p>\u00c0 l\u2019issue de ces rencontres, et compte tenu de l\u2019importance majeure de ces projets pour l\u2019am\u00e9lioration des conditions de vie des populations et le renforcement du d\u00e9veloppement local, plusieurs recommandations ont \u00e9t\u00e9 formul\u00e9es. Celles-ci portent notamment sur la n\u00e9cessit\u00e9 d\u2019inviter les entreprises concern\u00e9es \u00e0 respecter les d\u00e9lais contractuels, d\u2019intensifier les visites de contr\u00f4le sur le terrain et d\u2019acc\u00e9l\u00e9rer le traitement des contraintes administratives et techniques, tout en veillant \u00e0 l\u2019organisation r\u00e9guli\u00e8re de r\u00e9unions de suivi aux niveaux provincial et local afin de garantir la bonne ex\u00e9cution des projets.<\/p>\n<p>Ces r\u00e9unions ont \u00e9galement permis de renforcer la coordination entre les diff\u00e9rents partenaires institutionnels et techniques, en favorisant l\u2019\u00e9change d\u2019informations et la convergence des interventions. Les participants ont insist\u00e9 sur l\u2019importance d\u2019une approche int\u00e9gr\u00e9e, fond\u00e9e sur la planification rigoureuse et la mobilisation efficace des ressources humaines et financi\u00e8res, afin d\u2019assurer la coh\u00e9rence et la durabilit\u00e9 des actions engag\u00e9es.<\/p>\n<p>Par ailleurs, un accent particulier a \u00e9t\u00e9 mis sur la n\u00e9cessit\u00e9 d\u2019adopter des m\u00e9canismes de gouvernance performants, bas\u00e9s sur l\u2019\u00e9valuation continue, la reddition des comptes et la transparence dans la gestion des projets publics. Cette d\u00e9marche vise \u00e0 garantir une meilleure qualit\u00e9 d\u2019ex\u00e9cution et \u00e0 r\u00e9pondre de mani\u00e8re optimale aux attentes des citoyens.<\/p>\n<p>Enfin, les responsables pr\u00e9sents ont r\u00e9affirm\u00e9 leur engagement \u00e0 poursuivre les efforts de suivi et d\u2019accompagnement technique des collectivit\u00e9s territoriales, dans l\u2019objectif d\u2019acc\u00e9l\u00e9rer la dynamique de d\u00e9veloppement local et de consolider les infrastructures et services de base au profit de l\u2019ensemble de la population.<\/p>\n<p>Ont pris part \u00e0 ces rencontres le Secr\u00e9taire g\u00e9n\u00e9ral de la Province, le Pr\u00e9sident du Conseil provincial, les Pr\u00e9sidents des deux conseils communaux concern\u00e9s, ainsi que les chefs des services ext\u00e9rieurs, des cadres de la Province, de l\u2019Agence r\u00e9gionale d\u2019ex\u00e9cution des projets, du Conseil provincial et des repr\u00e9sentants des deux collectivit\u00e9s territoriales.<\/p>\n<p><strong>Said frix ALM<\/strong><\/p>\n","protected":false},"excerpt":{"rendered":"<p>Les deux r\u00e9unions se sont tenues au si\u00e8ge de la Province d\u2019Azilal , jeudi 19 f\u00e9vrier 2026\u00a0 sous la pr\u00e9sidence du gouverneur d\u2019Azilal, Hassan Zitouni, ont \u00e9t\u00e9 consacr\u00e9es \u00e0 l\u2019examen des projets r\u00e9alis\u00e9s, en cours d\u2019ex\u00e9cution ainsi que programm\u00e9s dans le ressort territorial des communes d\u2019Azilal et de Demnate, par les diff\u00e9rents intervenants. Dans son [&hellip;]<\/p>\n","protected":false},"author":4,"featured_media":3618,"comment_status":"open","ping_status":"open","sticky":false,"template":"","format":"standard","meta":{"footnotes":""},"categories":[1],"tags":[],"class_list":["post-3617","post","type-post","status-publish","format-standard","has-post-thumbnail","hentry","category-1"],"_links":{"self":[{"href":"https:\/\/pressmedias.ma\/index.php?rest_route=\/wp\/v2\/posts\/3617","targetHints":{"allow":["GET"]}}],"collection":[{"href":"https:\/\/pressmedias.ma\/index.php?rest_route=\/wp\/v2\/posts"}],"about":[{"href":"https:\/\/pressmedias.ma\/index.php?rest_route=\/wp\/v2\/types\/post"}],"author":[{"embeddable":true,"href":"https:\/\/pressmedias.ma\/index.php?rest_route=\/wp\/v2\/users\/4"}],"replies":[{"embeddable":true,"href":"https:\/\/pressmedias.ma\/index.php?rest_route=%2Fwp%2Fv2%2Fcomments&post=3617"}],"version-history":[{"count":1,"href":"https:\/\/pressmedias.ma\/index.php?rest_route=\/wp\/v2\/posts\/3617\/revisions"}],"predecessor-version":[{"id":3619,"href":"https:\/\/pressmedias.ma\/index.php?rest_route=\/wp\/v2\/posts\/3617\/revisions\/3619"}],"wp:featuredmedia":[{"embeddable":true,"href":"https:\/\/pressmedias.ma\/index.php?rest_route=\/wp\/v2\/media\/3618"}],"wp:attachment":[{"href":"https:\/\/pressmedias.ma\/index.php?rest_route=%2Fwp%2Fv2%2Fmedia&parent=3617"}],"wp:term":[{"taxonomy":"category","embeddable":true,"href":"https:\/\/pressmedias.ma\/index.php?rest_route=%2Fwp%2Fv2%2Fcategories&post=3617"},{"taxonomy":"post_tag","embeddable":true,"href":"https:\/\/pressmedias.ma\/index.php?rest_route=%2Fwp%2Fv2%2Ftags&post=3617"}],"curies":[{"name":"wp","href":"https:\/\/api.w.org\/{rel}","templated":true}]}}