{"id":3632,"date":"2026-03-13T19:34:44","date_gmt":"2026-03-13T18:34:44","guid":{"rendered":"https:\/\/pressmedias.ma\/?p=3632"},"modified":"2026-03-13T19:34:44","modified_gmt":"2026-03-13T18:34:44","slug":"entretien-avec-bouchra-aguennouz-ingenieur-en-industrie-alimentaire","status":"publish","type":"post","link":"https:\/\/pressmedias.ma\/?p=3632","title":{"rendered":"Entretien avec Bouchra Aguennouz , ing\u00e9nieur en industrie alimentaire"},"content":{"rendered":"<p><strong>Entretien avec Bouchra Aguennouz , ing\u00e9nieur en industrie alimentaire et directrice r\u00e9gionale du Conseil agricole , r\u00e9gion de Beni Mellal kh\u00e9nifra <\/strong><\/p>\n<p>\u00ab\u00a0De plus, l\u2019entrepreneuriat f\u00e9minin et la cr\u00e9ation de coop\u00e9ratives f\u00e9minines conna\u00eet un d\u00e9veloppement notable\u00a0\u00bb<\/p>\n<p>&nbsp;<\/p>\n<p><strong>Dans cet entretien accord\u00e9 \u00e0 l\u2019occasion de la c\u00e9l\u00e9bration de la Journ\u00e9e internationale de la femme, Bouchra Aguennouz, met en lumi\u00e8re les avanc\u00e9es r\u00e9alis\u00e9es en mati\u00e8re de promotion des droits des femmes, tout en soulignant les d\u00e9fis qui persistent, notamment en mati\u00e8re d\u2019acc\u00e8s \u00e0 l\u2019emploi et aux opportunit\u00e9s \u00e9conomiques. Elle revient \u00e9galement sur le r\u00f4le des initiatives institutionnelles et associatives dans l\u2019autonomisation des femmes, particuli\u00e8rement en milieu rural, o\u00f9 l\u2019entrepreneuriat f\u00e9minin et la cr\u00e9ation de coop\u00e9ratives connaissent un essor notable.<\/strong><\/p>\n<p><strong>ALM\u00a0: \u00a0que repr\u00e9sente pour vous la Journ\u00e9e internationale \u00a0de la femme c\u00e9l\u00e9br\u00e9e le 8 mars et quelle importance rev\u00eat-elle dans la r\u00e9gion de B\u00e9ni Mellal-Kh\u00e9nifra ?<\/strong><\/p>\n<p><strong>Bouchra Aguennouz\u00a0:<\/strong> la Journ\u00e9e internationale \u00a0de la femme c\u00e9l\u00e9br\u00e9e le 8 mars, constitue pour moi un moment de reconnaissance, de r\u00e9flexion et de mobilisation autour des droits, des acquis et des aspirations des femmes. C\u2019est une occasion de saluer les efforts d\u00e9ploy\u00e9s par tous les intervenants ainsi que les progr\u00e8s r\u00e9alis\u00e9s en mati\u00e8re d\u2019\u00e9galit\u00e9, mais aussi de rappeler les d\u00e9fis qui demeurent toujours afin de b\u00e2tir une soci\u00e9t\u00e9 plus \u00e9quilibr\u00e9e et plus inclusive.<\/p>\n<p>Dans la r\u00e9gion de B\u00e9ni Mellal-Kh\u00e9nifra, cette journ\u00e9e rev\u00eat une importance particuli\u00e8re. La r\u00e9gion compte plus de 2,52 millions d\u2019habitants, dont plus de 50 % sont des femmes, soit environ 1,28 million de citoyennes qui contribuent activement au d\u00e9veloppement social et \u00e9conomique r\u00e9gional.<\/p>\n<p>Cependant, malgr\u00e9 leur poids d\u00e9mographique, les femmes restent confront\u00e9es \u00e0 certaines in\u00e9galit\u00e9s, notamment en mati\u00e8re d\u2019acc\u00e8s \u00e0 l\u2019emploi, au financement et aux opportunit\u00e9s \u00e9conomiques. Par exemple, le taux d\u2019activit\u00e9 des femmes dans la r\u00e9gion est d\u2019environ 11,2 %, contre 65,7 % pour les hommes, ce qui montre l\u2019ampleur du potentiel encore \u00e0 valoriser.<\/p>\n<p>Ainsi, le 8 mars est un moment essentiel pour mettre en lumi\u00e8re les contributions des femmes de la r\u00e9gion \u2013 qu\u2019elles soient agricultrices, entrepreneures, enseignantes, cadres ou actrices associatives \u2013 et pour renforcer les politiques publiques et initiatives visant leur autonomisation.<\/p>\n<p>Dans ce contexte, je m\u2019engage \u00a0comme plusieurs acteurs de la r\u00e9gion , afin de jouer un r\u00f4le important dans \u00a0le soutient des actions en faveur de l\u2019\u00e9galit\u00e9 et de l\u2019accompagnement \u00e0 l\u2019autonomisation des femmes dans diff\u00e9rents domaines de la vie \u00e9conomique et sociale surtout dans le monde rural.<\/p>\n<p><strong>Selon vous, quels sont les principaux progr\u00e8s r\u00e9alis\u00e9s en mati\u00e8re de promotion des droits des femmes dans la r\u00e9gion ces derni\u00e8res ann\u00e9es ?<\/strong><\/p>\n<p>Au cours des derni\u00e8res ann\u00e9es, plusieurs avanc\u00e9es significatives ont \u00e9t\u00e9 enregistr\u00e9es dans la r\u00e9gion de B\u00e9ni Mellal-Kh\u00e9nifra en mati\u00e8re de promotion des droits des femmes.<\/p>\n<p>Tout d\u2019abord, on observe une am\u00e9lioration de l\u2019acc\u00e8s des filles \u00e0 l\u2019\u00e9ducation, notamment dans les zones rurales et il faut signaler que le taux de r\u00e9ussite des filles reste le plus \u00e9lev\u00e9. Les politiques nationales de g\u00e9n\u00e9ralisation de la scolarisation et de lutte contre l\u2019abandon scolaire ont permis d\u2019augmenter progressivement le nombre de jeunes filles poursuivant leurs \u00e9tudes secondaires et universitaires moyennant l\u2019installation des \u00e9coles communautaires et l\u2019\u00e9largissement du dispositif de transport scolaire dans le milieu rural et la cr\u00e9ation de plusieurs \u00e9coles sup\u00e9rieures et universit\u00e9s dans la r\u00e9gion.<\/p>\n<p>De plus, l\u2019entrepreneuriat f\u00e9minin et la cr\u00e9ation de coop\u00e9ratives f\u00e9minines conna\u00eet un d\u00e9veloppement notable, notamment dans les domaines de l\u2019agriculture, de l\u2019agroalimentaire, des produits du terroir \u00a0et de l\u2019artisanat qui a contribu\u00e9 \u00e0 am\u00e9liorer les revenus de nombreuses femmes surtout le milieu rural et dans les zones de montagnes.<\/p>\n<p>Dans ce processus et autant que Directrice R\u00e9gionale du Conseil Agricole \u00e0 la r\u00e9gion, j\u2019\u0153uvre dans le cadre des actions de conseil agricole \u00e0 soutenir plusieurs initiatives visant \u00e0 renforcer les capacit\u00e9s des femmes dans le secteur agricole en leur offrant un accompagnement rapproch\u00e9 dans la concr\u00e9tisation de leur projet ou AGR notamment \u00e0 travers la formation, la recherche de financement, l\u2019\u00e9quipement en mat\u00e9riel, la commercialisation et le r\u00e9seautage .<\/p>\n<p><strong>Quels sont, selon vous, les d\u00e9fis qui restent \u00e0 relever pour renforcer la place et le r\u00f4le de la femme dans la soci\u00e9t\u00e9 au niveau r\u00e9gional ?<\/strong><\/p>\n<p>Malgr\u00e9 les avanc\u00e9es r\u00e9alis\u00e9es, plusieurs d\u00e9fis persistent dans la r\u00e9gion.<\/p>\n<p>Le premier d\u00e9fi concerne l\u2019acc\u00e8s \u00e0 l\u2019emploi et \u00e0 l\u2019activit\u00e9 \u00e9conomique. Comme mentionn\u00e9 pr\u00e9c\u00e9demment, le taux d\u2019activit\u00e9 des femmes reste tr\u00e8s faible, ce qui limite leur participation au d\u00e9veloppement \u00e9conomique r\u00e9gional.<\/p>\n<p>Le deuxi\u00e8me d\u00e9fi est li\u00e9 aux in\u00e9galit\u00e9s territoriales, notamment entre les zones urbaines et rurales. Certaines provinces de la r\u00e9gion connaissent encore des taux de pauvret\u00e9 et de vuln\u00e9rabilit\u00e9 sup\u00e9rieurs \u00e0 la moyenne nationale, ce qui affecte particuli\u00e8rement les femmes rurales.<\/p>\n<p>Un autre d\u00e9fi concerne l\u2019\u00e9volution des mentalit\u00e9s, afin de renforcer la participation des femmes dans les instances d\u00e9cisionnelles, les collectivit\u00e9s territoriales et le tissu \u00e9conomique.<\/p>\n<p>Relever ces d\u00e9fis n\u00e9cessite d&rsquo;abord une prise de conscience par la femme elle-m\u00eame ensuite une mobilisation collective impliquant tous les autres acteurs notamment les institutions publiques, les collectivit\u00e9s territoriales et les acteurs de la soci\u00e9t\u00e9 civile.<\/p>\n<p><strong>Comment les initiatives locales, associatives ou institutionnelles contribuent-elles \u00e0 soutenir l\u2019autonomisation des femmes dans la r\u00e9gion ?<\/strong><\/p>\n<p>Dans la r\u00e9gion de B\u00e9ni Mellal-Kh\u00e9nifra, les initiatives locales jouent un r\u00f4le crucial dans l\u2019autonomisation des femmes.<\/p>\n<p>Plusieurs programmes soutiennent la femme dans plusieurs aspects, je cite \u00e0 titre d\u2019exemple :<\/p>\n<p>L\u2019accompagnement \u00e0 la cr\u00e9ation de coop\u00e9ratives et de projets g\u00e9n\u00e9rateurs de revenus et la promotion de l\u2019entrepreneuriat f\u00e9minin par le Minist\u00e8re de l\u2019Agriculture de la Peche Maritime, du D\u00e9veloppement Rural et des Eaux et For\u00eats avec tous les \u00e9tablissements sous sa tutelle notamment l\u2019Office National du Conseil Agricole.<\/p>\n<p>Dans ce cadre, nous avons un staff de conseillers (res) agricoles femmes et hommes \u00e0 la disposition des jeunes et femmes dans le milieu rural dans la mission ( entre autres) est de cr\u00e9er un environnement favorable \u00e0 l\u2019\u00e9mergence d\u2019une nouvelle g\u00e9n\u00e9ration de femmes actrices de changement dans le monde rural \u00e0 travers le renforcement des capacit\u00e9s, la formation et l\u2019accompagnement pour\u00a0 leur assurer une inclusion int\u00e9grative, soutenir leurs initiatives et encourager leur participation au d\u00e9veloppement rural.<\/p>\n<p>Je cite aussi, l\u2019Initiative Nationale de D\u00e9veloppement Humain qui \u0153uvre \u00e0 travers ses programmes \u00e0 am\u00e9liorer la situation \u00e9conomique et sociale de la femme.<\/p>\n<p>Ensuite les programmes lanc\u00e9s par les autres d\u00e9partements minist\u00e9riels aussi font que la femme soit prioritaire dans leur indicateur de performances<\/p>\n<p>De plus, les associations locales sont particuli\u00e8rement actives dans les domaines de l\u2019alphab\u00e9tisation, de l\u2019int\u00e9gration \u00e9conomique et de la sensibilisation aux droits des femmes.<\/p>\n<p><strong>Quel message souhaiteriez-vous adresser aux jeunes filles et aux femmes de la r\u00e9gion \u00e0 l\u2019occasion du 8 mars ?<\/strong><\/p>\n<p>\u00c0 l\u2019occasion de cette journ\u00e9e je dirais \u00ab\u00a0symbolique\u00a0\u00bb, je souhaiterais adresser un message d\u2019encouragement et de confiance \u00e0 toutes les jeunes filles et aux femmes de la r\u00e9gion de B\u00e9ni Mellal-Kh\u00e9nifra.<\/p>\n<p>Je voudrais leur dire que leur r\u00f4le est essentiel dans la construction de l\u2019avenir de notre r\u00e9gion. L\u2019\u00e9ducation, la pers\u00e9v\u00e9rance et la confiance en soi sont des cl\u00e9s fondamentales pour r\u00e9aliser leurs ambitions.<\/p>\n<p>Je les encourage \u00e0 croire en leurs capacit\u00e9s, \u00e0 saisir toutes les occasions d\u2019appui qui leurs sont offertes , \u00e0 poursuivre leurs \u00e9tudes, \u00e0 entreprendre, \u00e0 s\u2019engager dans la vie associative ou publique, et \u00e0 participer pleinement au d\u00e9veloppement de leur territoire\u00a0; par ce chemin elles continueront \u00e0 jouer un r\u00f4le d\u00e9terminant dans\u00a0 le d\u00e9veloppement \u00e9conomique, social\u00a0 et humain de notre r\u00e9gion .<\/p>\n<p><strong>Propos recueillis par SAID FRIX ALM<\/strong><\/p>\n","protected":false},"excerpt":{"rendered":"<p>Entretien avec Bouchra Aguennouz , ing\u00e9nieur en industrie alimentaire et directrice r\u00e9gionale du Conseil agricole , r\u00e9gion de Beni Mellal kh\u00e9nifra \u00ab\u00a0De plus, l\u2019entrepreneuriat f\u00e9minin et la cr\u00e9ation de coop\u00e9ratives f\u00e9minines conna\u00eet un d\u00e9veloppement notable\u00a0\u00bb &nbsp; Dans cet entretien accord\u00e9 \u00e0 l\u2019occasion de la c\u00e9l\u00e9bration de la Journ\u00e9e internationale de la femme, Bouchra Aguennouz, met [&hellip;]<\/p>\n","protected":false},"author":4,"featured_media":3633,"comment_status":"open","ping_status":"open","sticky":false,"template":"","format":"standard","meta":{"footnotes":""},"categories":[1],"tags":[],"class_list":["post-3632","post","type-post","status-publish","format-standard","has-post-thumbnail","hentry","category-1"],"_links":{"self":[{"href":"https:\/\/pressmedias.ma\/index.php?rest_route=\/wp\/v2\/posts\/3632","targetHints":{"allow":["GET"]}}],"collection":[{"href":"https:\/\/pressmedias.ma\/index.php?rest_route=\/wp\/v2\/posts"}],"about":[{"href":"https:\/\/pressmedias.ma\/index.php?rest_route=\/wp\/v2\/types\/post"}],"author":[{"embeddable":true,"href":"https:\/\/pressmedias.ma\/index.php?rest_route=\/wp\/v2\/users\/4"}],"replies":[{"embeddable":true,"href":"https:\/\/pressmedias.ma\/index.php?rest_route=%2Fwp%2Fv2%2Fcomments&post=3632"}],"version-history":[{"count":1,"href":"https:\/\/pressmedias.ma\/index.php?rest_route=\/wp\/v2\/posts\/3632\/revisions"}],"predecessor-version":[{"id":3634,"href":"https:\/\/pressmedias.ma\/index.php?rest_route=\/wp\/v2\/posts\/3632\/revisions\/3634"}],"wp:featuredmedia":[{"embeddable":true,"href":"https:\/\/pressmedias.ma\/index.php?rest_route=\/wp\/v2\/media\/3633"}],"wp:attachment":[{"href":"https:\/\/pressmedias.ma\/index.php?rest_route=%2Fwp%2Fv2%2Fmedia&parent=3632"}],"wp:term":[{"taxonomy":"category","embeddable":true,"href":"https:\/\/pressmedias.ma\/index.php?rest_route=%2Fwp%2Fv2%2Fcategories&post=3632"},{"taxonomy":"post_tag","embeddable":true,"href":"https:\/\/pressmedias.ma\/index.php?rest_route=%2Fwp%2Fv2%2Ftags&post=3632"}],"curies":[{"name":"wp","href":"https:\/\/api.w.org\/{rel}","templated":true}]}}