{"id":3648,"date":"2026-03-13T19:33:38","date_gmt":"2026-03-13T18:33:38","guid":{"rendered":"https:\/\/pressmedias.ma\/?p=3648"},"modified":"2026-03-13T19:33:38","modified_gmt":"2026-03-13T18:33:38","slug":"la-caravane-de-la-lecture-fait-escale-dans-la-province-de-khouribga-dans-le-cadre-dune-tournee-culturelle-visant-a-promouvoir-la-pratique-de-la-lecture","status":"publish","type":"post","link":"https:\/\/pressmedias.ma\/?p=3648","title":{"rendered":"La Caravane de la lecture fait escale dans la province de Khouribga dans le cadre d\u2019une tourn\u00e9e culturelle visant \u00e0 promouvoir la pratique de la lecture"},"content":{"rendered":"<p>Dans le cadre du projet de biblioth\u00e8que mobile supervis\u00e9 par le Minist\u00e8re de la Jeunesse, de la Culture et de la Communication \u2013 D\u00e9partement de la Culture, la Direction r\u00e9gionale de la culture de la r\u00e9gion B\u00e9ni Mellal-Kh\u00e9nifra a lanc\u00e9 le programme \u00ab Caravane de la lecture \u00bb, qui sillonne les diff\u00e9rentes provinces de la r\u00e9gion\u00a0 pendant\u00a0 la p\u00e9riode allant <strong>du<\/strong> <strong>3 mars au 30 avril 2026<\/strong>. Cette initiative vise \u00e0 rapprocher le livre des citoyens et \u00e0 renforcer la culture de la lecture aupr\u00e8s des enfants et des adolescents.<\/p>\n<p>&nbsp;<\/p>\n<p>Au niveau de la province de Khouribga, la caravane entame sa tourn\u00e9e dans la commune d\u2019Oulad Azzouz, du 3 au 6 mars 2026. La biblioth\u00e8que mobile y proposera ses services au profit des \u00e9l\u00e8ves des \u00e9tablissements scolaires ainsi que des habitants de la localit\u00e9, \u00e0 travers la mise \u00e0 disposition d\u2019un fonds documentaire vari\u00e9 couvrant la litt\u00e9rature, les sciences et les ouvrages pour enfants, en plus de l\u2019organisation d\u2019ateliers de lecture et de contes, d\u2019activit\u00e9s p\u00e9dagogiques et de concours culturels.<\/p>\n<p>La caravane fera \u00e9galement escale dans la ville de Hattane, du 9 au 12 mars 2026, dans le cadre d\u2019une \u00e9tape destin\u00e9e \u00e0 \u00e9largir la base des b\u00e9n\u00e9ficiaires des services culturels de proximit\u00e9 et \u00e0 offrir aux jeunes un espace adapt\u00e9 pour d\u00e9couvrir le livre et d\u00e9velopper leurs comp\u00e9tences en lecture.<\/p>\n<p>Ce programme s\u2019inscrit dans une d\u00e9marche de promotion de la justice culturelle et de rapprochement des services culturels des zones rurales et semi-urbaines, contribuant ainsi \u00e0 ancrer la lecture comme levier essentiel de sensibilisation et de d\u00e9veloppement des capacit\u00e9s des g\u00e9n\u00e9rations montantes.<\/p>\n<p>Dans les autres provinces de la r\u00e9gion, la caravane poursuivra son programme notamment \u00e0 B\u00e9ni Mellal, Azilal et Fquih Ben Salah, dans le cadre d\u2019un itin\u00e9raire visant \u00e0 g\u00e9n\u00e9raliser l\u2019acc\u00e8s et \u00e0 renforcer la pr\u00e9sence du livre dans les espaces \u00e9ducatifs et culturels.<\/p>\n<p>Cette initiative confirme l\u2019engagement du d\u00e9partement de tutelle \u00e0 poursuivre la mise en \u0153uvre de programmes d\u00e9di\u00e9s au soutien de la lecture publique et \u00e0 l\u2019\u00e9largissement de l\u2019acc\u00e8s aux biblioth\u00e8ques mobiles, en vue de consolider une soci\u00e9t\u00e9 lectrice et contributrice au d\u00e9veloppement culturel durable.<\/p>\n<p>La promotion de la pratique de la lecture constitue un levier essentiel pour le d\u00e9veloppement intellectuel et culturel de la soci\u00e9t\u00e9. Encourager les enfants, les jeunes et les adultes \u00e0 fr\u00e9quenter les livres, les biblioth\u00e8ques et les espaces de lecture permet de renforcer leurs comp\u00e9tences linguistiques et d\u2019\u00e9largir leurs horizons. La lecture ne se limite pas \u00e0 un simple loisir : elle repr\u00e9sente un outil fondamental d\u2019apprentissage continu, favorisant l\u2019acc\u00e8s au savoir, \u00e0 l\u2019information fiable et \u00e0 la compr\u00e9hension du monde qui nous entoure.<\/p>\n<p>Par ailleurs, la lecture contribue fortement \u00e0 l\u2019\u00e9panouissement personnel. Elle stimule l\u2019imagination, d\u00e9veloppe l\u2019esprit critique et am\u00e9liore la capacit\u00e9 de concentration et d\u2019analyse. En parcourant diff\u00e9rents genres\u00a0, romans, essais, articles ou ouvrages scientifiques \u2013 le lecteur enrichit son vocabulaire, affine son expression \u00e9crite et orale et acquiert une meilleure aptitude \u00e0 structurer sa pens\u00e9e. Ces comp\u00e9tences sont d\u00e9terminantes tant dans le parcours scolaire que dans la vie professionnelle.<\/p>\n<p>Enfin, promouvoir la lecture favorise la coh\u00e9sion sociale et le dialogue interculturel. Les livres permettent de d\u00e9couvrir d\u2019autres cultures, d\u2019autres exp\u00e9riences humaines et de d\u00e9velopper l\u2019empathie envers autrui. Les initiatives telles que les clubs de lecture, les foires du livre ou les campagnes scolaires cr\u00e9ent des espaces d\u2019\u00e9change et de partage autour du savoir. Ainsi, investir dans la lecture, c\u2019est investir dans une soci\u00e9t\u00e9 plus instruite, plus ouverte et plus consciente de ses responsabilit\u00e9s citoyennes.<\/p>\n<p>&nbsp;<\/p>\n<p><strong>SAID FRIX ALM<\/strong><\/p>\n","protected":false},"excerpt":{"rendered":"<p>Dans le cadre du projet de biblioth\u00e8que mobile supervis\u00e9 par le Minist\u00e8re de la Jeunesse, de la Culture et de la Communication \u2013 D\u00e9partement de la Culture, la Direction r\u00e9gionale de la culture de la r\u00e9gion B\u00e9ni Mellal-Kh\u00e9nifra a lanc\u00e9 le programme \u00ab Caravane de la lecture \u00bb, qui sillonne les diff\u00e9rentes provinces de la [&hellip;]<\/p>\n","protected":false},"author":4,"featured_media":3649,"comment_status":"open","ping_status":"open","sticky":false,"template":"","format":"standard","meta":{"footnotes":""},"categories":[1],"tags":[],"class_list":["post-3648","post","type-post","status-publish","format-standard","has-post-thumbnail","hentry","category-1"],"_links":{"self":[{"href":"https:\/\/pressmedias.ma\/index.php?rest_route=\/wp\/v2\/posts\/3648","targetHints":{"allow":["GET"]}}],"collection":[{"href":"https:\/\/pressmedias.ma\/index.php?rest_route=\/wp\/v2\/posts"}],"about":[{"href":"https:\/\/pressmedias.ma\/index.php?rest_route=\/wp\/v2\/types\/post"}],"author":[{"embeddable":true,"href":"https:\/\/pressmedias.ma\/index.php?rest_route=\/wp\/v2\/users\/4"}],"replies":[{"embeddable":true,"href":"https:\/\/pressmedias.ma\/index.php?rest_route=%2Fwp%2Fv2%2Fcomments&post=3648"}],"version-history":[{"count":1,"href":"https:\/\/pressmedias.ma\/index.php?rest_route=\/wp\/v2\/posts\/3648\/revisions"}],"predecessor-version":[{"id":3650,"href":"https:\/\/pressmedias.ma\/index.php?rest_route=\/wp\/v2\/posts\/3648\/revisions\/3650"}],"wp:featuredmedia":[{"embeddable":true,"href":"https:\/\/pressmedias.ma\/index.php?rest_route=\/wp\/v2\/media\/3649"}],"wp:attachment":[{"href":"https:\/\/pressmedias.ma\/index.php?rest_route=%2Fwp%2Fv2%2Fmedia&parent=3648"}],"wp:term":[{"taxonomy":"category","embeddable":true,"href":"https:\/\/pressmedias.ma\/index.php?rest_route=%2Fwp%2Fv2%2Fcategories&post=3648"},{"taxonomy":"post_tag","embeddable":true,"href":"https:\/\/pressmedias.ma\/index.php?rest_route=%2Fwp%2Fv2%2Ftags&post=3648"}],"curies":[{"name":"wp","href":"https:\/\/api.w.org\/{rel}","templated":true}]}}