{"id":3651,"date":"2026-03-13T19:33:26","date_gmt":"2026-03-13T18:33:26","guid":{"rendered":"https:\/\/pressmedias.ma\/?p=3651"},"modified":"2026-03-13T19:33:26","modified_gmt":"2026-03-13T18:33:26","slug":"azilal-lentrepreneuriat-feminin-moteur-du-developpement-local-et-de-lautonomie-economique","status":"publish","type":"post","link":"https:\/\/pressmedias.ma\/?p=3651","title":{"rendered":"Azilal : l\u2019entrepreneuriat f\u00e9minin, moteur du d\u00e9veloppement local et de l\u2019autonomie \u00e9conomique"},"content":{"rendered":"<p>\u00c0 l\u2019occasion de la Journ\u00e9e internationale de la femme, \u00a0la rencontre \u00a0qui a \u00e9t\u00e9 organis\u00e9e \u00e0 \u00a0Azilal a mis en lumi\u00e8re le r\u00f4le croissant de l\u2019entrepreneuriat f\u00e9minin dans la promotion du d\u00e9veloppement local et de l\u2019autonomisation \u00e9conomique des femmes, \u00e0 travers les m\u00e9canismes d\u2019appui de l\u2019Initiative nationale pour le d\u00e9veloppement humain.<\/p>\n<p>Dans une ambiance festive marqu\u00e9e par la c\u00e9l\u00e9bration de la Journ\u00e9e internationale de la femme, et dans le cadre du troisi\u00e8me programme de l\u2019Initiative nationale pour le d\u00e9veloppement humain (INDH) dans la province d\u2019Azilal, l\u2019Association Al Intilaka pour le d\u00e9veloppement, l\u2019environnement et la culture d\u2019Afourer a organis\u00e9, \u00e0 la Plateforme des jeunes de la ville d\u2019Azilal, une rencontre sp\u00e9ciale mettant en lumi\u00e8re le r\u00f4le de l\u2019entrepreneuriat f\u00e9minin en tant que v\u00e9ritable levier de d\u00e9veloppement local. Plac\u00e9 sous le th\u00e8me \u00ab L\u2019entrepreneuriat f\u00e9minin : un investissement pour un avenir durable \u00bb, cet \u00e9v\u00e9nement a r\u00e9uni plusieurs acteurs locaux et repr\u00e9sentants d\u2019institutions partenaires, ainsi que des femmes ayant b\u00e9n\u00e9fici\u00e9 de programmes de soutien et d\u2019accompagnement pour le lancement de leurs propres projets.<\/p>\n<p>Cette rencontre a constitu\u00e9 une occasion d\u2019\u00e9change et de r\u00e9flexion autour des moyens de renforcer l\u2019esprit d\u2019initiative chez les femmes et de les encourager \u00e0 se lancer dans l\u2019entrepreneuriat et le travail ind\u00e9pendant, notamment gr\u00e2ce aux m\u00e9canismes mis en place par l\u2019Initiative nationale pour le d\u00e9veloppement humain afin d\u2019accompagner les porteurs de projets et de soutenir leurs initiatives.<\/p>\n<p>Dans son intervention, Issam Ben Assou, chef de la Division de l\u2019action sociale \u00e0 la pr\u00e9fecture de la province d\u2019Azilal, a soulign\u00e9 que la c\u00e9l\u00e9bration de la Journ\u00e9e internationale de la femme ne constitue pas seulement une occasion symbolique, mais \u00e9galement un moment privil\u00e9gi\u00e9 pour reconna\u00eetre le r\u00f4le central que joue la femme au sein de la soci\u00e9t\u00e9. Il a \u00e9galement rappel\u00e9 que l\u2019INDH place l\u2019autonomisation \u00e9conomique des femmes au c\u0153ur de ses priorit\u00e9s, \u00e0 travers le soutien aux activit\u00e9s g\u00e9n\u00e9ratrices de revenus et l\u2019accompagnement des initiatives et projets porteurs.<\/p>\n<p>De son c\u00f4t\u00e9, Jawad Wakoun, repr\u00e9sentant de l\u2019Association Intilaka d\u2019Afourer, a mis en avant le r\u00f4le de l\u2019association dans l\u2019encadrement et l\u2019accompagnement des femmes souhaitant lancer leurs projets, notamment \u00e0 travers la formation, l\u2019encadrement et l\u2019appui technique n\u00e9cessaires. Il a affirm\u00e9 que l\u2019investissement dans les capacit\u00e9s des femmes constitue un pilier essentiel pour la r\u00e9alisation d\u2019un d\u00e9veloppement \u00e9conomique et social durable.<\/p>\n<p>Pour sa part, le directeur de l\u2019Agence nationale de promotion de l\u2019emploi et des comp\u00e9tences (ANAPEC) a insist\u00e9 sur l\u2019importance de renforcer la coop\u00e9ration entre les diff\u00e9rentes institutions afin de faciliter l\u2019insertion des femmes et des jeunes sur le march\u00e9 du travail, que ce soit par l\u2019acc\u00e8s \u00e0 l\u2019emploi ou par l\u2019encouragement des initiatives entrepreneuriales.<\/p>\n<p>L\u2019\u00e9v\u00e9nement a \u00e9galement \u00e9t\u00e9 marqu\u00e9 par des moments particuli\u00e8rement \u00e9mouvants, au cours desquels plusieurs femmes b\u00e9n\u00e9ficiaires ont partag\u00e9 leurs parcours et leurs exp\u00e9riences dans le lancement de leurs propres projets. Elles ont \u00e9voqu\u00e9 les d\u00e9fis rencontr\u00e9s \u00e0 leurs d\u00e9buts ainsi que l\u2019accompagnement dont elles ont b\u00e9n\u00e9fici\u00e9 dans le cadre des programmes de soutien. Ces t\u00e9moignages ont illustr\u00e9 de mani\u00e8re \u00e9loquente comment une simple id\u00e9e peut se transformer en un projet r\u00e9ussi, offrant \u00e0 la femme confiance en elle et autonomie \u00e9conomique.<\/p>\n<p>La rencontre a par ailleurs \u00e9t\u00e9 ponctu\u00e9e par l\u2019organisation de sessions de dialogue et d\u2019ateliers interactifs consacr\u00e9s \u00e0 l\u2019importance d\u2019investir dans le potentiel f\u00e9minin, consid\u00e9r\u00e9 comme l\u2019une des cl\u00e9s fondamentales pour b\u00e2tir une soci\u00e9t\u00e9 plus \u00e9quilibr\u00e9e et plus d\u00e9velopp\u00e9e.<\/p>\n<p>Entre r\u00e9cits de r\u00e9ussite et ambitions pour l\u2019avenir, il est apparu clairement que le soutien \u00e0 l\u2019entrepreneuriat f\u00e9minin n\u2019est plus un simple slogan, mais bien un v\u00e9ritable choix de d\u00e9veloppement visant \u00e0 transformer les capacit\u00e9s des femmes en une force productive capable de contribuer efficacement \u00e0 la r\u00e9alisation d\u2019un d\u00e9veloppement local durable dans la province d\u2019Azilal.<\/p>\n<p>Cet engagement en faveur de l\u2019entrepreneuriat f\u00e9minin s\u2019inscrit dans une dynamique plus large visant \u00e0 cr\u00e9er un environnement propice \u00e0 l\u2019innovation, \u00e0 la cr\u00e9ativit\u00e9 et \u00e0 l\u2019\u00e9mergence de nouvelles opportunit\u00e9s \u00e9conomiques pour les femmes. En consolidant les dispositifs d\u2019accompagnement, en favorisant l\u2019acc\u00e8s au financement et en multipliant les formations sp\u00e9cialis\u00e9es, la province d\u2019Azilal entend faire de l\u2019autonomisation des femmes un moteur durable de d\u00e9veloppement social et \u00e9conomique, contribuant ainsi \u00e0 renforcer la coh\u00e9sion sociale et \u00e0 promouvoir une croissance inclusive et \u00e9quitable pour l\u2019ensemble de la population.<\/p>\n<p><strong>SAID FRIX ALM<\/strong><\/p>\n","protected":false},"excerpt":{"rendered":"<p>\u00c0 l\u2019occasion de la Journ\u00e9e internationale de la femme, \u00a0la rencontre \u00a0qui a \u00e9t\u00e9 organis\u00e9e \u00e0 \u00a0Azilal a mis en lumi\u00e8re le r\u00f4le croissant de l\u2019entrepreneuriat f\u00e9minin dans la promotion du d\u00e9veloppement local et de l\u2019autonomisation \u00e9conomique des femmes, \u00e0 travers les m\u00e9canismes d\u2019appui de l\u2019Initiative nationale pour le d\u00e9veloppement humain. Dans une ambiance festive [&hellip;]<\/p>\n","protected":false},"author":4,"featured_media":3652,"comment_status":"open","ping_status":"open","sticky":false,"template":"","format":"standard","meta":{"footnotes":""},"categories":[1],"tags":[],"class_list":["post-3651","post","type-post","status-publish","format-standard","has-post-thumbnail","hentry","category-1"],"_links":{"self":[{"href":"https:\/\/pressmedias.ma\/index.php?rest_route=\/wp\/v2\/posts\/3651","targetHints":{"allow":["GET"]}}],"collection":[{"href":"https:\/\/pressmedias.ma\/index.php?rest_route=\/wp\/v2\/posts"}],"about":[{"href":"https:\/\/pressmedias.ma\/index.php?rest_route=\/wp\/v2\/types\/post"}],"author":[{"embeddable":true,"href":"https:\/\/pressmedias.ma\/index.php?rest_route=\/wp\/v2\/users\/4"}],"replies":[{"embeddable":true,"href":"https:\/\/pressmedias.ma\/index.php?rest_route=%2Fwp%2Fv2%2Fcomments&post=3651"}],"version-history":[{"count":1,"href":"https:\/\/pressmedias.ma\/index.php?rest_route=\/wp\/v2\/posts\/3651\/revisions"}],"predecessor-version":[{"id":3653,"href":"https:\/\/pressmedias.ma\/index.php?rest_route=\/wp\/v2\/posts\/3651\/revisions\/3653"}],"wp:featuredmedia":[{"embeddable":true,"href":"https:\/\/pressmedias.ma\/index.php?rest_route=\/wp\/v2\/media\/3652"}],"wp:attachment":[{"href":"https:\/\/pressmedias.ma\/index.php?rest_route=%2Fwp%2Fv2%2Fmedia&parent=3651"}],"wp:term":[{"taxonomy":"category","embeddable":true,"href":"https:\/\/pressmedias.ma\/index.php?rest_route=%2Fwp%2Fv2%2Fcategories&post=3651"},{"taxonomy":"post_tag","embeddable":true,"href":"https:\/\/pressmedias.ma\/index.php?rest_route=%2Fwp%2Fv2%2Ftags&post=3651"}],"curies":[{"name":"wp","href":"https:\/\/api.w.org\/{rel}","templated":true}]}}