{"id":3655,"date":"2026-03-13T19:33:12","date_gmt":"2026-03-13T18:33:12","guid":{"rendered":"https:\/\/pressmedias.ma\/?p=3655"},"modified":"2026-03-13T19:33:12","modified_gmt":"2026-03-13T18:33:12","slug":"la-disparition-progressive-du-neffar-une-tradition-ramadanesque-en-voie-deffacement-a-beni-mellal-khenifra","status":"publish","type":"post","link":"https:\/\/pressmedias.ma\/?p=3655","title":{"rendered":"La disparition progressive du \u00ab Neffar \u00bb : une tradition ramadanesque en voie d\u2019effacement \u00e0 Beni Mellal kh\u00e9nifra"},"content":{"rendered":"<p>Autrefois, dans de nombreuses villes et m\u00e9dinas du Maroc, les nuits du mois sacr\u00e9 de Ramadan \u00e9taient rythm\u00e9es par la pr\u00e9sence famili\u00e8re du <em>Neffar<\/em>, personnage embl\u00e9matique charg\u00e9 de r\u00e9veiller les habitants pour le repas du <em>shour<\/em> . Arm\u00e9 de son tambour ou parfois d\u2019une longue trompe traditionnelle appel\u00e9e <em>naffar<\/em>, cet homme parcourait les ruelles encore plong\u00e9es dans le silence de la nuit, frappant son instrument et lan\u00e7ant des invocations religieuses afin d\u2019alerter les fid\u00e8les de l\u2019approche de l\u2019aube. Cette figure populaire faisait partie int\u00e9grante de l\u2019ambiance spirituelle et sociale du Ramadan, contribuant \u00e0 instaurer un climat \u00e0 la fois convivial et empreint de pi\u00e9t\u00e9.<\/p>\n<p>Le <em>Neffar<\/em> n\u2019\u00e9tait pas seulement un veilleur nocturne. Il incarnait \u00e9galement une dimension communautaire profond\u00e9ment ancr\u00e9e dans la culture marocaine. Dans les quartiers traditionnels, sa tourn\u00e9e nocturne constituait un lien vivant entre les habitants, rappelant l\u2019importance du partage et de la solidarit\u00e9 durant ce mois sacr\u00e9. Souvent reconnu et respect\u00e9 par tous, il accomplissait sa mission avec d\u00e9vouement, parcourant chaque nuit les rues du quartier pour s\u2019assurer que personne ne manque le moment du <em>shour<\/em>. \u00c0 la fin du Ramadan, les habitants avaient pour habitude de lui offrir des dons symboliques en signe de reconnaissance pour son service.<\/p>\n<p>Cependant, avec l\u2019\u00e9volution des modes de vie et l\u2019av\u00e8nement des technologies modernes, cette tradition tend aujourd\u2019hui \u00e0 dispara\u00eetre progressivement. Les r\u00e9veils \u00e9lectroniques, les t\u00e9l\u00e9phones portables et les applications mobiles ont largement remplac\u00e9 le r\u00f4le du <em>Neffar<\/em>, rendant sa mission moins n\u00e9cessaire dans la vie quotidienne des citadins. Par ailleurs, l\u2019urbanisation rapide, la transformation des quartiers anciens et le changement des rythmes de vie ont contribu\u00e9 \u00e0 l\u2019effacement de cette pratique autrefois r\u00e9pandue.<\/p>\n<p>La disparition du <em>Neffar<\/em> illustre ainsi les mutations profondes que conna\u00eet la soci\u00e9t\u00e9 marocaine, partag\u00e9e entre modernit\u00e9 et pr\u00e9servation de son patrimoine immat\u00e9riel. Si certains quartiers historiques et quelques villes continuent encore \u00e0 perp\u00e9tuer cette tradition \u00e0 titre symbolique, elle demeure aujourd\u2019hui beaucoup plus rare qu\u2019auparavant. Pour beaucoup de Marocains, notamment les g\u00e9n\u00e9rations plus \u00e2g\u00e9es, le souvenir du <em>Neffar<\/em> \u00e9voque une \u00e9poque o\u00f9 les nuits du Ramadan \u00e9taient marqu\u00e9es par une proximit\u00e9 sociale et une atmosph\u00e8re particuli\u00e8re que la modernit\u00e9 peine parfois \u00e0 reproduire.<\/p>\n<p>Dans ce contexte, plusieurs voix s\u2019\u00e9l\u00e8vent pour souligner l\u2019importance de pr\u00e9server ces traditions populaires qui constituent une part essentielle de l\u2019identit\u00e9 culturelle du pays. Car au-del\u00e0 de sa fonction premi\u00e8re, le <em>Neffar<\/em> repr\u00e9sentait un patrimoine vivant, t\u00e9moin d\u2019un mode de vie et d\u2019un esprit communautaire qui ont longtemps fa\u00e7onn\u00e9 les nuits ramadanesques du Maroc. Sa disparition progressive invite ainsi \u00e0 r\u00e9fl\u00e9chir aux moyens de valoriser et de transmettre ces pratiques aux g\u00e9n\u00e9rations futures, afin qu\u2019elles demeurent un \u00e9l\u00e9ment vivant de la m\u00e9moire collective nationale.<\/p>\n<p>Il convient \u00e9galement de rappeler que certaines collectivit\u00e9s locales et associations culturelles tentent aujourd\u2019hui de raviver cette tradition dans un cadre patrimonial et festif. Dans certaines m\u00e9dinas ou lors d\u2019\u00e9v\u00e9nements culturels li\u00e9s au Ramadan, la pr\u00e9sence symbolique du <em>Neffar<\/em> est r\u00e9introduite afin de rappeler aux jeunes g\u00e9n\u00e9rations les coutumes d\u2019autrefois et de pr\u00e9server ce pan du patrimoine immat\u00e9riel marocain.<\/p>\n<p>Ainsi, bien que la fonction originelle du <em>Neffar<\/em> ait \u00e9t\u00e9 largement supplant\u00e9e par les technologies modernes, sa valeur culturelle et historique demeure intacte. Symbole d\u2019un Ramadan marqu\u00e9 par la simplicit\u00e9, la proximit\u00e9 sociale et la spiritualit\u00e9 collective, le <em>Neffar<\/em> reste profond\u00e9ment ancr\u00e9 dans la m\u00e9moire populaire, comme un \u00e9cho nostalgique des nuits ramadanesques d\u2019antan.<\/p>\n<p><strong>SAID\u00a0 FRIX ALM<\/strong><\/p>\n","protected":false},"excerpt":{"rendered":"<p>Autrefois, dans de nombreuses villes et m\u00e9dinas du Maroc, les nuits du mois sacr\u00e9 de Ramadan \u00e9taient rythm\u00e9es par la pr\u00e9sence famili\u00e8re du Neffar, personnage embl\u00e9matique charg\u00e9 de r\u00e9veiller les habitants pour le repas du shour . Arm\u00e9 de son tambour ou parfois d\u2019une longue trompe traditionnelle appel\u00e9e naffar, cet homme parcourait les ruelles encore [&hellip;]<\/p>\n","protected":false},"author":4,"featured_media":3656,"comment_status":"open","ping_status":"open","sticky":false,"template":"","format":"standard","meta":{"footnotes":""},"categories":[1],"tags":[],"class_list":["post-3655","post","type-post","status-publish","format-standard","has-post-thumbnail","hentry","category-1"],"_links":{"self":[{"href":"https:\/\/pressmedias.ma\/index.php?rest_route=\/wp\/v2\/posts\/3655","targetHints":{"allow":["GET"]}}],"collection":[{"href":"https:\/\/pressmedias.ma\/index.php?rest_route=\/wp\/v2\/posts"}],"about":[{"href":"https:\/\/pressmedias.ma\/index.php?rest_route=\/wp\/v2\/types\/post"}],"author":[{"embeddable":true,"href":"https:\/\/pressmedias.ma\/index.php?rest_route=\/wp\/v2\/users\/4"}],"replies":[{"embeddable":true,"href":"https:\/\/pressmedias.ma\/index.php?rest_route=%2Fwp%2Fv2%2Fcomments&post=3655"}],"version-history":[{"count":1,"href":"https:\/\/pressmedias.ma\/index.php?rest_route=\/wp\/v2\/posts\/3655\/revisions"}],"predecessor-version":[{"id":3657,"href":"https:\/\/pressmedias.ma\/index.php?rest_route=\/wp\/v2\/posts\/3655\/revisions\/3657"}],"wp:featuredmedia":[{"embeddable":true,"href":"https:\/\/pressmedias.ma\/index.php?rest_route=\/wp\/v2\/media\/3656"}],"wp:attachment":[{"href":"https:\/\/pressmedias.ma\/index.php?rest_route=%2Fwp%2Fv2%2Fmedia&parent=3655"}],"wp:term":[{"taxonomy":"category","embeddable":true,"href":"https:\/\/pressmedias.ma\/index.php?rest_route=%2Fwp%2Fv2%2Fcategories&post=3655"},{"taxonomy":"post_tag","embeddable":true,"href":"https:\/\/pressmedias.ma\/index.php?rest_route=%2Fwp%2Fv2%2Ftags&post=3655"}],"curies":[{"name":"wp","href":"https:\/\/api.w.org\/{rel}","templated":true}]}}