{"id":3658,"date":"2026-03-13T19:32:56","date_gmt":"2026-03-13T18:32:56","guid":{"rendered":"https:\/\/pressmedias.ma\/?p=3658"},"modified":"2026-03-13T19:32:56","modified_gmt":"2026-03-13T18:32:56","slug":"renforcement-de-loffre-sanitaire-mise-en-service-du-centre-dhemodialyse-de-khenifra","status":"publish","type":"post","link":"https:\/\/pressmedias.ma\/?p=3658","title":{"rendered":"Renforcement de l\u2019offre sanitaire : mise en service du Centre d\u2019h\u00e9modialyse de Kh\u00e9nifra"},"content":{"rendered":"<p>&nbsp;<\/p>\n<p>En pr\u00e9sence du directeur r\u00e9gional de la Sant\u00e9 et de la Protection sociale de la r\u00e9gion B\u00e9ni Mellal-Kh\u00e9nifra, Dr <strong>Kamal El Yansli<\/strong>, ainsi que de plusieurs \u00e9lus, responsables des autorit\u00e9s locales, du d\u00e9l\u00e9gu\u00e9 provincial de la sant\u00e9 et du directeur de l\u2019h\u00f4pital provincial de Kh\u00e9nifra\u00a0, le gouverneur de la province de Kh\u00e9nifra, <strong>Mohamed Adil Ihouran<\/strong>, a pr\u00e9sid\u00e9, jeudi 5 mars 2026, la c\u00e9r\u00e9monie de lancement des services du <strong>Centre d\u2019h\u00e9modialyse de Kh\u00e9nifra<\/strong><strong>.<\/strong><\/p>\n<p>\u00c0 noter que ce nouveau centre d\u2019h\u00e9modialyse dispose, dans une premi\u00e8re phase, d\u2019une capacit\u00e9 initiale de <strong>24 g\u00e9n\u00e9rateurs d\u2019h\u00e9modialyse<\/strong>, pour un co\u00fbt global avoisinant <strong>16,1 millions de dirhams<\/strong>. Ce projet est le fruit d\u2019une <strong>convention de partenariat<\/strong> conclue entre la direction r\u00e9gionale de la Sant\u00e9 et de la Protection sociale, le <strong>Conseil de la r\u00e9gion B\u00e9ni Mellal-Kh\u00e9nifra<\/strong> et <strong>l\u2019Initiative nationale pour le d\u00e9veloppement humain (INDH)<\/strong><strong>.<\/strong><\/p>\n<p>Ce projet structurant s\u2019inscrit dans le cadre du <strong>renforcement de l\u2019offre de soins au niveau provincial<\/strong> et vise \u00e0 rapprocher les services de sant\u00e9 des patients atteints d\u2019<strong>insuffisance r\u00e9nale chronique<\/strong>, leur \u00e9vitant ainsi les d\u00e9placements vers d\u2019autres provinces et contribuant \u00e0 <strong>r\u00e9duire les listes d\u2019attente<\/strong> li\u00e9es aux s\u00e9ances d\u2019h\u00e9modialyse.<\/p>\n<p>Il est \u00e9galement pr\u00e9vu, lors de la <strong>deuxi\u00e8me phase<\/strong>, d\u2019\u00e9quiper ce nouveau centre, qui accueille actuellement <strong>26 patients<\/strong> , de <strong>20 g\u00e9n\u00e9rateurs suppl\u00e9mentaires d\u2019h\u00e9modialyse<\/strong>. Cette structure viendra ainsi renforcer le dispositif existant, aux c\u00f4t\u00e9s de <strong>deux autres centres d\u2019h\u00e9modialyse<\/strong> situ\u00e9s respectivement dans la <strong>commune rurale de Lqbab<\/strong> et la <strong>commune urbaine de M\u2019rirt<\/strong>, disposant d\u2019une <strong>capacit\u00e9 globale de 20 g\u00e9n\u00e9rateurs d\u2019h\u00e9modialyse<\/strong>.<\/p>\n<p>La c\u00e9r\u00e9monie de lancement a \u00e9galement \u00e9t\u00e9 marqu\u00e9e par une visite des diff\u00e9rentes composantes du centre, au cours de laquelle les responsables ont pris connaissance des \u00e9quipements m\u00e9dicaux et des installations techniques dont dispose cette nouvelle structure sanitaire. Les participants ont, \u00e0 cette occasion, salu\u00e9 les efforts conjoints des partenaires institutionnels pour la concr\u00e9tisation de ce projet, qui constitue une avanc\u00e9e notable dans le renforcement de l\u2019offre de soins et l\u2019am\u00e9lioration des services de sant\u00e9 au niveau de la province de Kh\u00e9nifra.<\/p>\n<p>&nbsp;<\/p>\n<p>Ce centre d\u2019h\u00e9modialyse rev\u00eat une importance capitale pour les patients atteints d\u2019insuffisance r\u00e9nale chronique, qui n\u00e9cessitent des s\u00e9ances r\u00e9guli\u00e8res et continues pour pr\u00e9server leur \u00e9tat de sant\u00e9. En rapprochant ces services sp\u00e9cialis\u00e9s des populations locales, cette structure contribuera \u00e0 am\u00e9liorer la qualit\u00e9 de vie des malades, en r\u00e9duisant les contraintes li\u00e9es aux d\u00e9placements fr\u00e9quents vers d\u2019autres villes et en leur garantissant un suivi m\u00e9dical plus r\u00e9gulier et mieux encadr\u00e9.<\/p>\n<p>Au-del\u00e0 de sa dimension sanitaire, ce projet vise \u00e9galement \u00e0 renforcer l\u2019\u00e9quit\u00e9 territoriale en mati\u00e8re d\u2019acc\u00e8s aux soins sp\u00e9cialis\u00e9s et \u00e0 soutenir les efforts de modernisation du syst\u00e8me de sant\u00e9 au niveau provincial et r\u00e9gional. Il ambitionne ainsi de r\u00e9pondre \u00e0 la demande croissante en mati\u00e8re de prise en charge des maladies chroniques, tout en offrant des conditions de traitement conformes aux standards m\u00e9dicaux et en consolidant les capacit\u00e9s d\u2019accueil des structures hospitali\u00e8res de la province de Kh\u00e9nifra<\/p>\n<p>SAID FRIX ALM<\/p>\n","protected":false},"excerpt":{"rendered":"<p>&nbsp; En pr\u00e9sence du directeur r\u00e9gional de la Sant\u00e9 et de la Protection sociale de la r\u00e9gion B\u00e9ni Mellal-Kh\u00e9nifra, Dr Kamal El Yansli, ainsi que de plusieurs \u00e9lus, responsables des autorit\u00e9s locales, du d\u00e9l\u00e9gu\u00e9 provincial de la sant\u00e9 et du directeur de l\u2019h\u00f4pital provincial de Kh\u00e9nifra\u00a0, le gouverneur de la province de Kh\u00e9nifra, Mohamed Adil [&hellip;]<\/p>\n","protected":false},"author":4,"featured_media":3659,"comment_status":"open","ping_status":"open","sticky":false,"template":"","format":"standard","meta":{"footnotes":""},"categories":[1],"tags":[],"class_list":["post-3658","post","type-post","status-publish","format-standard","has-post-thumbnail","hentry","category-1"],"_links":{"self":[{"href":"https:\/\/pressmedias.ma\/index.php?rest_route=\/wp\/v2\/posts\/3658","targetHints":{"allow":["GET"]}}],"collection":[{"href":"https:\/\/pressmedias.ma\/index.php?rest_route=\/wp\/v2\/posts"}],"about":[{"href":"https:\/\/pressmedias.ma\/index.php?rest_route=\/wp\/v2\/types\/post"}],"author":[{"embeddable":true,"href":"https:\/\/pressmedias.ma\/index.php?rest_route=\/wp\/v2\/users\/4"}],"replies":[{"embeddable":true,"href":"https:\/\/pressmedias.ma\/index.php?rest_route=%2Fwp%2Fv2%2Fcomments&post=3658"}],"version-history":[{"count":1,"href":"https:\/\/pressmedias.ma\/index.php?rest_route=\/wp\/v2\/posts\/3658\/revisions"}],"predecessor-version":[{"id":3660,"href":"https:\/\/pressmedias.ma\/index.php?rest_route=\/wp\/v2\/posts\/3658\/revisions\/3660"}],"wp:featuredmedia":[{"embeddable":true,"href":"https:\/\/pressmedias.ma\/index.php?rest_route=\/wp\/v2\/media\/3659"}],"wp:attachment":[{"href":"https:\/\/pressmedias.ma\/index.php?rest_route=%2Fwp%2Fv2%2Fmedia&parent=3658"}],"wp:term":[{"taxonomy":"category","embeddable":true,"href":"https:\/\/pressmedias.ma\/index.php?rest_route=%2Fwp%2Fv2%2Fcategories&post=3658"},{"taxonomy":"post_tag","embeddable":true,"href":"https:\/\/pressmedias.ma\/index.php?rest_route=%2Fwp%2Fv2%2Ftags&post=3658"}],"curies":[{"name":"wp","href":"https:\/\/api.w.org\/{rel}","templated":true}]}}