{"id":373,"date":"2023-02-22T22:00:40","date_gmt":"2023-02-22T22:00:40","guid":{"rendered":"https:\/\/pressmedias.ma\/?p=373"},"modified":"2025-04-17T16:29:04","modified_gmt":"2025-04-17T15:29:04","slug":"les-marocains-ont-ete-profondement-choques-par-les-propos-racistes-du-president-kais-saied","status":"publish","type":"post","link":"https:\/\/pressmedias.ma\/?p=373","title":{"rendered":"Les Marocains ont \u00e9t\u00e9 profond\u00e9ment choqu\u00e9s par les propos racistes du pr\u00e9sident Kais Saied"},"content":{"rendered":"\n<p dir=\"ltr\">Le pr\u00e9sident tunisien Kais Saied a tenu des propos extr\u00eamement haineux et racistes contre les migrants africains qui arrivent dans son pays sur leur chemin vers l\u2019Europe.<\/p>\n\n\n\n<p dir=\"ltr\">Apr\u00e8s avoir fustig\u00e9 et tenu des propos racistes \u00e0 l\u2019encontre des immigr\u00e9s africains, qui cherchent refuge en Europe suite \u00e0 la pauvret\u00e9, la famine et les conflits qui minent leurs pays, le pr\u00e9sident tunisien est all\u00e9 jusqu\u2019\u00e0 affirmer que les Africains \u00e9taient la cause en grande partie des probl\u00e8mes de la Tunisie, en essayant de \u00abl\u2019africaniser\u00bb et de l\u2019\u00e9loigner de son \u00abarabit\u00e9\u00bb.<\/p>\n\n\n\n<p dir=\"ltr\">Au Maroc, o\u00f9 les migrants africains jouissent de tous les droits sociaux et sont int\u00e9gr\u00e9s dans le tissu social du Royaume, ces propos ont provoqu\u00e9 une immense consternation et un rejet visc\u00e9ral des propos prof\u00e9r\u00e9s par le pr\u00e9sident tunisien contre des citoyens africains qui cherchent l\u00e9gitimement un meilleur avenir pour eux-m\u00eames et pour leurs enfants.<\/p>\n\n\n\n<p dir=\"ltr\">Le citoyen marocain, s\u2019il n\u2019a pas l\u2019habitude de s\u2019immiscer dans les affaires d\u2019un pays, a \u00e9t\u00e9 violemment secou\u00e9 par les propos racistes et ex\u00e9crables tenus par le pr\u00e9sident tunisien.<\/p>\n\n\n\n<p dir=\"ltr\">Laisser passer une col\u00e8re aussi sourde des nations africaines sur les propos diffamants du pr\u00e9sident Saied est anti-\u00e9thique. Se taire c\u2019est le d\u00e9but de la compromission.<\/p>\n\n\n\n<p dir=\"ltr\">Le pr\u00e9sident tunisien, professeur universitaire qu\u2019il est, ne devrait pas ignorer que la migration est un enrichissement pour la soci\u00e9t\u00e9 d\u2019accueil et le fait d\u2019affirmer que les africains sont la cause premi\u00e8re des probl\u00e8mes de la Tunisie d\u00e9note une grave ignorance de la r\u00e9alit\u00e9 tunisienne.<\/p>\n\n\n\n<p dir=\"ltr\">En disant que les migrants cherchent \u00e0 \u00abafricaniser\u00bb la Tunisie et \u00e0 l\u2019\u00e9loigner de son \u00abarabit\u00e9\u00bb est une autre aberration sans nom.<\/p>\n\n\n\n<p dir=\"ltr\">Avec simple coup d\u2019\u0153il sur la carte du monde, l\u2019auteur de ces propos se serait rendu compte que la Tunisie se trouve d\u00e9j\u00e0 sur le continent africain. Elle est aussi africaine que le Niger, le Congo ou la Tanzanie.<\/p>\n","protected":false},"excerpt":{"rendered":"<p>Le pr\u00e9sident tunisien Kais Saied a tenu des propos extr\u00eamement haineux et racistes contre les migrants africains qui arrivent dans son pays sur leur chemin vers l\u2019Europe. Apr\u00e8s avoir fustig\u00e9 et tenu des propos racistes \u00e0 l\u2019encontre des immigr\u00e9s africains, qui cherchent refuge en Europe suite \u00e0 la pauvret\u00e9, la famine et les conflits qui [&hellip;]<\/p>\n","protected":false},"author":1,"featured_media":374,"comment_status":"open","ping_status":"open","sticky":false,"template":"","format":"standard","meta":{"footnotes":""},"categories":[24,15,10],"tags":[],"class_list":["post-373","post","type-post","status-publish","format-standard","has-post-thumbnail","hentry","category-francais","category-15","category-international"],"_links":{"self":[{"href":"https:\/\/pressmedias.ma\/index.php?rest_route=\/wp\/v2\/posts\/373","targetHints":{"allow":["GET"]}}],"collection":[{"href":"https:\/\/pressmedias.ma\/index.php?rest_route=\/wp\/v2\/posts"}],"about":[{"href":"https:\/\/pressmedias.ma\/index.php?rest_route=\/wp\/v2\/types\/post"}],"author":[{"embeddable":true,"href":"https:\/\/pressmedias.ma\/index.php?rest_route=\/wp\/v2\/users\/1"}],"replies":[{"embeddable":true,"href":"https:\/\/pressmedias.ma\/index.php?rest_route=%2Fwp%2Fv2%2Fcomments&post=373"}],"version-history":[{"count":1,"href":"https:\/\/pressmedias.ma\/index.php?rest_route=\/wp\/v2\/posts\/373\/revisions"}],"predecessor-version":[{"id":375,"href":"https:\/\/pressmedias.ma\/index.php?rest_route=\/wp\/v2\/posts\/373\/revisions\/375"}],"wp:featuredmedia":[{"embeddable":true,"href":"https:\/\/pressmedias.ma\/index.php?rest_route=\/wp\/v2\/media\/374"}],"wp:attachment":[{"href":"https:\/\/pressmedias.ma\/index.php?rest_route=%2Fwp%2Fv2%2Fmedia&parent=373"}],"wp:term":[{"taxonomy":"category","embeddable":true,"href":"https:\/\/pressmedias.ma\/index.php?rest_route=%2Fwp%2Fv2%2Fcategories&post=373"},{"taxonomy":"post_tag","embeddable":true,"href":"https:\/\/pressmedias.ma\/index.php?rest_route=%2Fwp%2Fv2%2Ftags&post=373"}],"curies":[{"name":"wp","href":"https:\/\/api.w.org\/{rel}","templated":true}]}}