{"id":425,"date":"2023-02-25T20:05:34","date_gmt":"2023-02-25T20:05:34","guid":{"rendered":"https:\/\/pressmedias.ma\/?p=425"},"modified":"2025-04-17T16:29:46","modified_gmt":"2025-04-17T15:29:46","slug":"creation-dune-direction-regionale-de-la-caisse-nationale-de-securite-sociale-a-beni-mellal","status":"publish","type":"post","link":"https:\/\/pressmedias.ma\/?p=425","title":{"rendered":"Cr\u00e9ation d&rsquo;une direction r\u00e9gionale de la Caisse nationale de s\u00e9curit\u00e9 sociale \u00e0 Beni Mellal"},"content":{"rendered":"\n<p dir=\"ltr\">vendredi 24 f\u00e9vrier 2023, il a \u00e9t\u00e9 proc\u00e9d\u00e9 \u00e0 l\u2019inauguration du &nbsp;si\u00e8ge de la Direction R\u00e9gionale de la Caisse Nationale de la s\u00e9curit\u00e9 Sociale de la r\u00e9gion Beni Mellal-Khenifra, sis Avenue Mohammed V dans la ville de Beni Mellal et &nbsp;qui entre dans le cadre de l\u2019op\u00e9rationnalisation&nbsp; de la strat\u00e9gie de la Direction g\u00e9n\u00e9rale de la CNSS qui s\u2019assigne pour objectif de r\u00e9aliser&nbsp; la couverture &nbsp;de toutes les R\u00e9gions du Royaume en institutions r\u00e9gionales, d&rsquo;am\u00e9liorer en permanence la qualit\u00e9 des services rendus aux clients, pour &nbsp;\u00eatre au diapason du projet royal qui appelle \u00e0 g\u00e9n\u00e9raliser la couverture sanitaire et sociale \u00e0 tous les citoyens, hommes et femmes.<\/p>\n\n\n\n<p class=\"has-text-align-left\">Au &nbsp;nom du wali de la r\u00e9gion de Beni Mellal-Khenifra ,M le Secr\u00e9taire g\u00e9n\u00e9ral de la province de Beni Mellal, accompagn\u00e9 du directeur &nbsp;g\u00e9n\u00e9ral Adjoint &nbsp;repr\u00e9sentant M &nbsp;&nbsp;le directeur g\u00e9n\u00e9ral de la Caisse &nbsp;nationale de s\u00e9curit\u00e9 sociale, &nbsp;a proc\u00e9d\u00e9 \u00e0 l&rsquo;inauguration du nouveau si\u00e8ge de la direction r\u00e9gionale de cette institution, qui vise \u00e0 assister les &nbsp;adh\u00e9rents de la caisse pr\u00e9cit\u00e9e dans le cadre de la politique de proximit\u00e9 et &nbsp;\u00e0 faire respecter leurs droits et &nbsp;ceux de leurs familles.<\/p>\n\n\n\n<p class=\"has-text-align-left\" dir=\"ltr\">Des explications d\u00e9taill\u00e9es ont \u00e9t\u00e9 pr\u00e9sent\u00e9es au Secr\u00e9taire G\u00e9n\u00e9ral de la &nbsp;province &nbsp;de Beni Mellal, concernant le travail de la Direction R\u00e9gionale de la &nbsp;CNSS dans la r\u00e9gion de Beni Mellal-Khenifra, et les m\u00e9canismes de son intervention et de son travail avec les divers secteurs concern\u00e9s par la CNSS et la pr\u00e9sentation&nbsp; d\u2019un ensemble de r\u00e9alisations &nbsp;concr\u00e9tis\u00e9es par la Caisse Nationale de S\u00e9curit\u00e9 &nbsp;Sociale au niveau r\u00e9gional &nbsp;&nbsp;en vue d\u2019\u00eatre &nbsp;au diapason&nbsp; du d\u00e9veloppement initi\u00e9 par&nbsp; les &nbsp;petites , moyennes et grandes entreprises du secteur priv\u00e9, ,tout en mettant l\u2019accent sur le traitement de tous les dossiers des  adh\u00e9rents dans un d\u00e9lai raisonnable.<\/p>\n\n\n\n<p class=\"has-text-align-left\" dir=\"ltr\"> La c\u00e9r\u00e9monie d&rsquo;ouverture de cette institution sociale s&rsquo;est d\u00e9roul\u00e9e en pr\u00e9sence du Pacha de la ville de Beni Mellal, du &nbsp;pr\u00e9sident du conseil &nbsp;provincial de Beni Mellal, du &nbsp;pr\u00e9sident de la municipalit\u00e9 &nbsp;de Beni Mellal, de personnalit\u00e9s civiles et militaires, des cadres de la direction r\u00e9gionale et &nbsp;des directions provinciales de la Caisse nationale de s\u00e9curit\u00e9 sociale dans la r\u00e9gion de Beni Mellal-Khenifra.  .<\/p>\n\n\n\n<p><\/p>\n\n\n\n<pre class=\"wp-block-preformatted\"><\/pre>\n\n\n\n<pre class=\"wp-block-preformatted\"><strong>SAID FRIX<\/strong><strong><\/strong><\/pre>\n","protected":false},"excerpt":{"rendered":"<p>vendredi 24 f\u00e9vrier 2023, il a \u00e9t\u00e9 proc\u00e9d\u00e9 \u00e0 l\u2019inauguration du &nbsp;si\u00e8ge de la Direction R\u00e9gionale de la Caisse Nationale de la s\u00e9curit\u00e9 Sociale de la r\u00e9gion Beni Mellal-Khenifra, sis Avenue Mohammed V dans la ville de Beni Mellal et &nbsp;qui entre dans le cadre de l\u2019op\u00e9rationnalisation&nbsp; de la strat\u00e9gie de la Direction g\u00e9n\u00e9rale de [&hellip;]<\/p>\n","protected":false},"author":4,"featured_media":455,"comment_status":"open","ping_status":"open","sticky":false,"template":"","format":"standard","meta":{"footnotes":""},"categories":[24,1,11],"tags":[],"class_list":["post-425","post","type-post","status-publish","format-standard","has-post-thumbnail","hentry","category-francais","category-1","category-national"],"_links":{"self":[{"href":"https:\/\/pressmedias.ma\/index.php?rest_route=\/wp\/v2\/posts\/425","targetHints":{"allow":["GET"]}}],"collection":[{"href":"https:\/\/pressmedias.ma\/index.php?rest_route=\/wp\/v2\/posts"}],"about":[{"href":"https:\/\/pressmedias.ma\/index.php?rest_route=\/wp\/v2\/types\/post"}],"author":[{"embeddable":true,"href":"https:\/\/pressmedias.ma\/index.php?rest_route=\/wp\/v2\/users\/4"}],"replies":[{"embeddable":true,"href":"https:\/\/pressmedias.ma\/index.php?rest_route=%2Fwp%2Fv2%2Fcomments&post=425"}],"version-history":[{"count":2,"href":"https:\/\/pressmedias.ma\/index.php?rest_route=\/wp\/v2\/posts\/425\/revisions"}],"predecessor-version":[{"id":430,"href":"https:\/\/pressmedias.ma\/index.php?rest_route=\/wp\/v2\/posts\/425\/revisions\/430"}],"wp:featuredmedia":[{"embeddable":true,"href":"https:\/\/pressmedias.ma\/index.php?rest_route=\/wp\/v2\/media\/455"}],"wp:attachment":[{"href":"https:\/\/pressmedias.ma\/index.php?rest_route=%2Fwp%2Fv2%2Fmedia&parent=425"}],"wp:term":[{"taxonomy":"category","embeddable":true,"href":"https:\/\/pressmedias.ma\/index.php?rest_route=%2Fwp%2Fv2%2Fcategories&post=425"},{"taxonomy":"post_tag","embeddable":true,"href":"https:\/\/pressmedias.ma\/index.php?rest_route=%2Fwp%2Fv2%2Ftags&post=425"}],"curies":[{"name":"wp","href":"https:\/\/api.w.org\/{rel}","templated":true}]}}