{"id":588,"date":"2023-03-09T12:56:01","date_gmt":"2023-03-09T12:56:01","guid":{"rendered":"https:\/\/pressmedias.ma\/?p=588"},"modified":"2025-04-17T16:29:47","modified_gmt":"2025-04-17T15:29:47","slug":"beni-mellal-plus-de-42417-interventions-effectuees-par-la-protection-civile-en-2022-dans-la-region-de-beni-mellal-khenifra","status":"publish","type":"post","link":"https:\/\/pressmedias.ma\/?p=588","title":{"rendered":"Beni Mellal\u00a0: Plus de 42417 interventions effectu\u00e9es par la protection civile, en 2022, dans la r\u00e9gion de Beni Mellal Kh\u00e9nifra."},"content":{"rendered":"\n<p dir=\"ltr\">La c\u00e9l\u00e9bration de la journ\u00e9e mondiale de la protection civile est comm\u00e9mor\u00e9e, cette ann\u00e9e sous le th\u00e8me \u00ab&nbsp;le r\u00f4le des technologies de l\u2019information dans l\u2019\u00e9valuation des risques&nbsp;\u00bb.<\/p>\n\n\n\n<p dir=\"ltr\">Intervenant lors de cette c\u00e9l\u00e9bration \u00e0 la caserne de la protection civile ,\u00e0 Beni Mellal, le commandant r\u00e9gional de la protection civile R\u00e9gion de Beni Mellal Kh\u00e9nifra, M Ahmed Harmouch &nbsp;a magnifi\u00e9 le r\u00f4le catalyseur et les sacrifices de tous les \u00e9l\u00e9ments de la protection civile dans le dessein de prot\u00e9ger des vies humaines et leurs biens&nbsp;.pr\u00e9cisant que la c\u00e9l\u00e9bration de la journ\u00e9e de cette ann\u00e9e intervient dans le sillage des circonstances marqu\u00e9es par l\u2019accroissement de moult risques caus\u00e9s par les changements climatiques , la pollution, les incendies , les inondations, \u2026&nbsp;&nbsp; Et d\u2019ajouter que le recours aux technologies de l\u2019information dans l\u2019\u00e9valuation des risques est la condition sine&nbsp; qua non pour pr\u00e9dire et contrecarrer tous les risques qui pourraient&nbsp; mettre en p\u00e9ril des vies humaines&nbsp; &nbsp;soulignant &nbsp;que tous les acteurs concern\u00e9s sont appel\u00e9s \u00e0 travailler en concertation en vue d\u2019 affermir la culture de la protection et de la pr\u00e9vention des risques<\/p>\n\n\n\n<p dir=\"ltr\">M le commandant r\u00e9gional &nbsp;a \u00e9galement soulign\u00e9 que cette c\u00e9l\u00e9bration constitue une occasion pour communiquer avec les citoyens, \u00e0 travers les portes ouvertes, sur les diff\u00e9rents dangers imminents, sur les m\u00e9canismes et les \u00e9quipements de sauvetage, &nbsp;et la sensibilisation des enfants \u00e0 travers la distribution de d\u00e9pliants et brochures contenant les consignes de s\u00e9curit\u00e9 n\u00e9cessaires pour \u00e9viter les risques li\u00e9s \u00e0 leur vie quotidienne.<\/p>\n\n\n\n<p dir=\"ltr\">Notons que des statistiques pr\u00e9sent\u00e9es &nbsp;lors des portes ouvertes ont port\u00e9 sur 8360 op\u00e9rations de sauvetage, 25619 interventions ambulatoires, 1327 interventions&nbsp; de lutte contre les incendies, 300 autres li\u00e9es \u00e0 l\u2019emploi de gaz&nbsp; et 6780interventions portant sur les accidents de la circulation.<\/p>\n\n\n\n<p dir=\"ltr\">A cette occasion, le Wali de la r\u00e9gion et la d\u00e9l\u00e9gation &nbsp;qui l\u2019accompagne ont assist\u00e9 \u00e0 une pr\u00e9sentation des explications et des statistiques &nbsp;portant sur &nbsp;les interventions r\u00e9alis\u00e9es par le commandement r\u00e9gional de la protection civile, &nbsp;et la pr\u00e9sentation d\u2019un ensemble d\u2019\u00e9quipements et des m\u00e9canismes de sauvetage ainsi &nbsp;que &nbsp;&nbsp;des d\u00e9monstrations de sauvetage r\u00e9alis\u00e9es par les membres de la protection civile\u2026<\/p>\n\n\n\n<p dir=\"ltr\">Le Wali de la r\u00e9gion de Beni Mellal \u2013 Khenifra, M. Khatib El Hebil qui a pr\u00e9sid\u00e9 cette c\u00e9r\u00e9monie Mercredi 1 Mars 2023, \u00e0 la caserne de la protection civile \u00e0 Beni Mellal, a \u00e9t\u00e9 \u00a0accompagn\u00e9 des \u00e9lus, des chefs de services \u00a0ext\u00e9rieurs, des acteurs de la soci\u00e9t\u00e9 civile, \u00a0et d\u2019autres personnalit\u00e9s civiles et militaires.<\/p>\n\n\n\n<p dir=\"ltr\"><strong>SAID FRIX<\/strong><\/p>\n","protected":false},"excerpt":{"rendered":"<p>La c\u00e9l\u00e9bration de la journ\u00e9e mondiale de la protection civile est comm\u00e9mor\u00e9e, cette ann\u00e9e sous le th\u00e8me \u00ab&nbsp;le r\u00f4le des technologies de l\u2019information dans l\u2019\u00e9valuation des risques&nbsp;\u00bb. Intervenant lors de cette c\u00e9l\u00e9bration \u00e0 la caserne de la protection civile ,\u00e0 Beni Mellal, le commandant r\u00e9gional de la protection civile R\u00e9gion de Beni Mellal Kh\u00e9nifra, M [&hellip;]<\/p>\n","protected":false},"author":1,"featured_media":589,"comment_status":"open","ping_status":"open","sticky":false,"template":"","format":"standard","meta":{"footnotes":""},"categories":[24,15,11],"tags":[],"class_list":["post-588","post","type-post","status-publish","format-standard","has-post-thumbnail","hentry","category-francais","category-15","category-national"],"_links":{"self":[{"href":"https:\/\/pressmedias.ma\/index.php?rest_route=\/wp\/v2\/posts\/588","targetHints":{"allow":["GET"]}}],"collection":[{"href":"https:\/\/pressmedias.ma\/index.php?rest_route=\/wp\/v2\/posts"}],"about":[{"href":"https:\/\/pressmedias.ma\/index.php?rest_route=\/wp\/v2\/types\/post"}],"author":[{"embeddable":true,"href":"https:\/\/pressmedias.ma\/index.php?rest_route=\/wp\/v2\/users\/1"}],"replies":[{"embeddable":true,"href":"https:\/\/pressmedias.ma\/index.php?rest_route=%2Fwp%2Fv2%2Fcomments&post=588"}],"version-history":[{"count":2,"href":"https:\/\/pressmedias.ma\/index.php?rest_route=\/wp\/v2\/posts\/588\/revisions"}],"predecessor-version":[{"id":2795,"href":"https:\/\/pressmedias.ma\/index.php?rest_route=\/wp\/v2\/posts\/588\/revisions\/2795"}],"wp:featuredmedia":[{"embeddable":true,"href":"https:\/\/pressmedias.ma\/index.php?rest_route=\/wp\/v2\/media\/589"}],"wp:attachment":[{"href":"https:\/\/pressmedias.ma\/index.php?rest_route=%2Fwp%2Fv2%2Fmedia&parent=588"}],"wp:term":[{"taxonomy":"category","embeddable":true,"href":"https:\/\/pressmedias.ma\/index.php?rest_route=%2Fwp%2Fv2%2Fcategories&post=588"},{"taxonomy":"post_tag","embeddable":true,"href":"https:\/\/pressmedias.ma\/index.php?rest_route=%2Fwp%2Fv2%2Ftags&post=588"}],"curies":[{"name":"wp","href":"https:\/\/api.w.org\/{rel}","templated":true}]}}