{"id":595,"date":"2023-03-11T09:10:28","date_gmt":"2023-03-11T09:10:28","guid":{"rendered":"https:\/\/pressmedias.ma\/?p=595"},"modified":"2025-04-17T16:28:23","modified_gmt":"2025-04-17T15:28:23","slug":"presentation-de-letude-preliminaire-du-projet-dautoroute-beni-mellal-marrakech","status":"publish","type":"post","link":"https:\/\/pressmedias.ma\/?p=595","title":{"rendered":"\u00a0\u00a0\u00a0\u00a0\u00a0\u00a0\u00a0\u00a0\u00a0\u00a0\u00a0 Pr\u00e9sentation de l\u2019\u00e9tude pr\u00e9liminaire du projet d\u2019autoroute Beni Mellal -Marrakech"},"content":{"rendered":"\n<p class=\"has-text-align-left\">En pr\u00e9sence du Gouverneur de la province de&nbsp;Fkih&nbsp;Ben Salah ,du Pr\u00e9sident du Conseil r\u00e9gional, du Repr\u00e9sentant du Minist\u00e8re de l\u2019Equipement et des Transports, des Responsables des collectivit\u00e9s d\u00e9centralis\u00e9es &nbsp;et &nbsp;desRepr\u00e9sentants du Bureau d\u2019\u00e9tudes charg\u00e9s de r\u00e9aliser l\u2019\u00e9tude du projet pr\u00e9cit\u00e9 le Wali de la R\u00e9gion de Beni Mellal&nbsp;Kh\u00e9nifra, M El&nbsp;Khatib&nbsp;Lahbil&nbsp;a pr\u00e9sid\u00e9 , jeudi 26 Janvier 2023 , au si\u00e8ge de la Wilaya\u0629, une s\u00e9ance de travail consacr\u00e9e \u00e0 la pr\u00e9sentation de l\u2019\u00e9tude pr\u00e9liminaire du projet d\u2019autoroute entre Beni Mellal et Marrakech en passant par les provinces de&nbsp;Fkih&nbsp;Ben Salah ,&nbsp;Kalat&nbsp;Sraghna&nbsp;et&nbsp;Rhamna.<\/p>\n\n\n\n<p class=\"has-text-align-left\">Dans son allocution ,le Wali de la R\u00e9gion &nbsp;a salu\u00e9 ce projet de grande envergure et les efforts louables de tous les acteurs et parties prenantes qui d\u00e9ploient des efforts incontournables pour le r\u00e9aliser au niveau central ,et r\u00e9gional pointant le r\u00f4le que jouera ce projet au niveau de la circulation &nbsp;et du dynamisme qu\u2019il apportera au b\u00e9n\u00e9fice de la R\u00e9gion &nbsp;et de l\u2019ensemble du territoire national.<\/p>\n\n\n\n<p class=\"has-text-align-left\">Cette s\u00e9ance a \u00e9t\u00e9 caract\u00e9ris\u00e9e par la pr\u00e9sentation faite par le Repr\u00e9sentant du Bureau d\u2019Etudes sur le projet en perspective &nbsp;portant sur des explications et des donn\u00e9es sur l\u2019\u00e9tat d\u2019avancement des \u00e9tudes pr\u00e9liminaires du projet.<\/p>\n\n\n\n<p class=\"has-text-align-left\">Au terme de cette rencontre, M le Wali&nbsp;\u00e0&nbsp;mis l\u2019accent sur la n\u00e9cessit\u00e9 de renforcer les passerelles de communication entre le Bureau d\u2019Etudes et tous les acteurs concern\u00e9s &nbsp;dans le but d\u2019\u00e9tudier et de surmonter toutes les contraintes qui pourraient juguler la r\u00e9alisation du projet qui renforcera , certes , l\u2019infrastructure routi\u00e8re au niveau r\u00e9gional ainsi que l\u2019attractivit\u00e9 et la comp\u00e9titivit\u00e9 au niveau des investissements &nbsp;et notamment dans le secteur touristique &nbsp;qui demeure l\u2019un des secteurs strat\u00e9giques \u00e0&nbsp;m\u00eame&nbsp;de r\u00e9aliser le d\u00e9veloppement socio\u00e9conomique de la R\u00e9gion.<\/p>\n\n\n\n<p class=\"has-text-align-left\">SAID FRIX<\/p>\n","protected":false},"excerpt":{"rendered":"<p>En pr\u00e9sence du Gouverneur de la province de&nbsp;Fkih&nbsp;Ben Salah ,du Pr\u00e9sident du Conseil r\u00e9gional, du Repr\u00e9sentant du Minist\u00e8re de l\u2019Equipement et des Transports, des Responsables des collectivit\u00e9s d\u00e9centralis\u00e9es &nbsp;et &nbsp;desRepr\u00e9sentants du Bureau d\u2019\u00e9tudes charg\u00e9s de r\u00e9aliser l\u2019\u00e9tude du projet pr\u00e9cit\u00e9 le Wali de la R\u00e9gion de Beni Mellal&nbsp;Kh\u00e9nifra, M El&nbsp;Khatib&nbsp;Lahbil&nbsp;a pr\u00e9sid\u00e9 , jeudi 26 Janvier [&hellip;]<\/p>\n","protected":false},"author":4,"featured_media":596,"comment_status":"open","ping_status":"open","sticky":false,"template":"","format":"standard","meta":{"footnotes":""},"categories":[24,12],"tags":[],"class_list":["post-595","post","type-post","status-publish","format-standard","has-post-thumbnail","hentry","category-francais","category-economies"],"_links":{"self":[{"href":"https:\/\/pressmedias.ma\/index.php?rest_route=\/wp\/v2\/posts\/595","targetHints":{"allow":["GET"]}}],"collection":[{"href":"https:\/\/pressmedias.ma\/index.php?rest_route=\/wp\/v2\/posts"}],"about":[{"href":"https:\/\/pressmedias.ma\/index.php?rest_route=\/wp\/v2\/types\/post"}],"author":[{"embeddable":true,"href":"https:\/\/pressmedias.ma\/index.php?rest_route=\/wp\/v2\/users\/4"}],"replies":[{"embeddable":true,"href":"https:\/\/pressmedias.ma\/index.php?rest_route=%2Fwp%2Fv2%2Fcomments&post=595"}],"version-history":[{"count":1,"href":"https:\/\/pressmedias.ma\/index.php?rest_route=\/wp\/v2\/posts\/595\/revisions"}],"predecessor-version":[{"id":597,"href":"https:\/\/pressmedias.ma\/index.php?rest_route=\/wp\/v2\/posts\/595\/revisions\/597"}],"wp:featuredmedia":[{"embeddable":true,"href":"https:\/\/pressmedias.ma\/index.php?rest_route=\/wp\/v2\/media\/596"}],"wp:attachment":[{"href":"https:\/\/pressmedias.ma\/index.php?rest_route=%2Fwp%2Fv2%2Fmedia&parent=595"}],"wp:term":[{"taxonomy":"category","embeddable":true,"href":"https:\/\/pressmedias.ma\/index.php?rest_route=%2Fwp%2Fv2%2Fcategories&post=595"},{"taxonomy":"post_tag","embeddable":true,"href":"https:\/\/pressmedias.ma\/index.php?rest_route=%2Fwp%2Fv2%2Ftags&post=595"}],"curies":[{"name":"wp","href":"https:\/\/api.w.org\/{rel}","templated":true}]}}