{"id":602,"date":"2023-03-11T09:11:32","date_gmt":"2023-03-11T09:11:32","guid":{"rendered":"https:\/\/pressmedias.ma\/?p=602"},"modified":"2025-04-17T16:29:05","modified_gmt":"2025-04-17T15:29:05","slug":"lancement-du-programme-dappui-aux-cooperatives-en-partenariat-avec-les-organismes-americains-de-l-usaid-et-givedirecty","status":"publish","type":"post","link":"https:\/\/pressmedias.ma\/?p=602","title":{"rendered":"Lancement du \u00ab\u00a0Programme d\u2019Appui aux Coop\u00e9ratives\u00a0\u00bb en partenariat avec les organismes Americains de l\u2019\u00ab\u00a0USAID\u00a0\u00bb et \u00ab\u00a0GiveDirecty\u00a0"},"content":{"rendered":"\n<p class=\"has-text-align-left\">M. Khatib El Hebil, Wali de la r\u00e9gion de Beni Mellal \u2013 Khenifra, a pr\u00e9sid\u00e9 le 19 juillet 2021, au si\u00e8ge de la Wilaya, la c\u00e9r\u00e9monie de lancement du Programme d\u2019Appui aux coop\u00e9ratives qui est le fruit du partenariat entre l\u2019Agence Am\u00e9ricaine pour le D\u00e9veloppement International (USAID), GiveDirectly, l\u2019Initiative Nationale pour le D\u00e9veloppement Humain (INDH), et la Wilaya de la r\u00e9gion de Beni Mellal \u2013 Khenifra.<br>Au cours de cette c\u00e9r\u00e9monie, le Wali de la r\u00e9gion a indiqu\u00e9 que le choix de ciblage des coop\u00e9ratives \u0153uvrant dans les secteurs de l\u2019agriculture, du tourisme et de l\u2019artisanat va de pair avec l\u2019importance qu\u2019accorde la r\u00e9gion \u00e0 ces secteurs, tout en passant en revue les atouts agricoles, touristiques et le potentiel humain dont dispose la r\u00e9gion de Beni Mellal \u2013 Khenifra. Lors de son discours, il a \u00e9galement cit\u00e9 les efforts d\u00e9ploy\u00e9s par les acteurs \u00e9conomiques pour la valorisation de ces atouts, notamment dans les domaines de l\u2019industrie agro-alimentaire, de l\u2019\u00e9cotourisme et de l\u2019artisanat ceci \u00e0 travers l\u2019adoption de plusieurs programmes visant \u00e0 d\u00e9velopper les structures d\u2019accueil des artisans traditionnels, am\u00e9liorer la qualit\u00e9 de l\u2019offre propos\u00e9e par la r\u00e9gion, assurer l\u2019appui technique et financier aux artisans \u00e0 travers la l\u00e9galisation du m\u00e9tier et \u00e0 d\u00e9velopper les circuits de commercialisation des produits d\u2019artisanat en se basant sur le d\u00e9veloppement des ventes orient\u00e9es vers l\u2019exportation.<br>En ce qui concerne l\u2019\u00e9conomie sociale et solidaire, M. Khatib El Hebil a soulign\u00e9 que ce secteur occupe une place importante dans l\u2019\u00e9conomie r\u00e9gionale et ce au vu du nombre de coop\u00e9ratives op\u00e9rant dans ce secteur qui s\u2019\u00e9l\u00e8ve \u00e0 plus de 1948 coop\u00e9ratives ayant une capacit\u00e9 de plus de 20 471 membres, ajoutant que le secteur agricole occupe la premi\u00e8re place en terme de nombre de coop\u00e9ratives, dont le nombre de celles cr\u00e9es par les femmes de la r\u00e9gion a atteint 223, tandis que le nombre de celles cr\u00e9\u00e9es par les jeunes dipl\u00f4m\u00e9s a atteint 97.<br>A cet \u00e9gard, le Wali de la r\u00e9gion a insist\u00e9 sur l\u2019importance de l\u2019accompagnement de ces coop\u00e9ratives pour le d\u00e9veloppement de leurs comp\u00e9tences manag\u00e9riales et administratives, la diversification de leurs sources de financement, l\u2019ouverture de nouvelles d\u00e9bouch\u00e9s notamment \u00e0 travers l\u2019exploitation des opportunit\u00e9s prometteuses qu\u2019offre le commerce \u00e9lectronique et aussi en profitant du d\u00e9veloppement technologique pour l\u2019am\u00e9lioration de la qualit\u00e9 de leurs produits.Il a \u00e9galement soulign\u00e9 que ce programme contribuera au soutien d\u2019un nombre important des coop\u00e9ratives actives dans les zones montagneuses ce qui leur permettra de surmonter les r\u00e9percussions n\u00e9gatives de la pand\u00e9mie de la COVID-19 et d\u2019\u00eatre capables<br>de financer et de redynamiser leurs activit\u00e9s de production et de commercialisation<br>D\u2019autre part, lors de son intervention, M. Alex KLAITS, directeur du Bureau des affaires d\u2019Afrique du Nord et du Moyen-Orient de l\u2019USAID, a insist\u00e9 sur l\u2019importance que rev\u00eat la coop\u00e9ration maroco-am\u00e9ricaine dans les domaines du d\u00e9veloppement \u00e9conomique et social. Il a \u00e9galement salu\u00e9 la coop\u00e9ration \u00e9troite et constructive entre les organisations am\u00e9ricaines (\u00ab&nbsp;USAID&nbsp;\u00bb et \u00ab GiveDirectly \u00bb) et les diff\u00e9rents acteurs de la r\u00e9gion de Beni Mellal \u2013Khenifra, visant \u00e0 assurer la r\u00e9ussite des programmes approuv\u00e9s (programme \u00ab d\u2019appui aux coop\u00e9ratives et le programme du \u00ab d\u00e9veloppement \u00e9conomique et social dans la r\u00e9gion de Beni Mellal \u2013 Khenifra&nbsp;\u00bb) pour contribuer au d\u00e9veloppement \u00e9conomique et social de la r\u00e9gion. A cet \u00e9gard, M. KLAITS a \u00e9galement mis en exergue l\u2019importance du programme de l\u2019ONG \u00ab GiveDirectly \u00bb visant \u00e0 soutenir le secteur coop\u00e9ratif dans les zones montagneuses de la r\u00e9gion de Beni Mellal \u2013 Khenifra afin d\u2019att\u00e9nuer les effets de la pand\u00e9mie de la COVID-19 sur les activit\u00e9s de production et de commercialisation et de renforcer les capacit\u00e9s financi\u00e8res, techniques, manag\u00e9riales et commerciales des coop\u00e9ratives concern\u00e9es.<br>De son c\u00f4t\u00e9, Mme Jamila Abass, directrice de \u00ab GiveDirecty \u2013 Maroc \u00bb a pr\u00e9sent\u00e9 un expos\u00e9 d\u00e9taill\u00e9 du programme, dans lequel elle a pr\u00e9cis\u00e9 les objectifs escompt\u00e9s du programme, les proc\u00e9dures \u00e0 suivre pour b\u00e9n\u00e9ficier de ce programme, les crit\u00e8res adopt\u00e9s pour la s\u00e9lection des demandes, les d\u00e9lais de prise de d\u00e9cision concernant ces demandes, les modalit\u00e9s de financement des coop\u00e9ratives s\u00e9lectionn\u00e9es, ainsi que les m\u00e9canismes de suivi et de contr\u00f4le.<br>Il est \u00e0 noter que le programme d\u2019Appui aux coop\u00e9ratives, d\u2019une valeur de 3 millions de dollars US, vise \u00e0 soutenir 250 coop\u00e9ratives actives dans les zones montagneuses de la r\u00e9gion dans les domaines pr\u00e9c\u00e9demment cit\u00e9s et que la priorit\u00e9 sera donn\u00e9e aux coop\u00e9ratives dans lesquelles les femmes repr\u00e9sentent au moins 60% du nombre total de leurs membres, en plus des coop\u00e9ratives dans lesquelles les jeunes repr\u00e9sentent 40% du nombre total des membres, ainsi que les coop\u00e9ratives qui incluent des adh\u00e9rents dans une situation vuln\u00e9rable. En ce qui concerne le soutien financier, qui sera allou\u00e9 aux coop\u00e9ratives s\u00e9lectionn\u00e9es, il s\u2019\u00e9l\u00e8ve \u00e0 90 000 dirhams qui seront vers\u00e9s en deux tranches selon des crit\u00e8res pr\u00e9cis.<\/p>\n\n\n\n<p>SAD FRIX<\/p>\n","protected":false},"excerpt":{"rendered":"<p>M. Khatib El Hebil, Wali de la r\u00e9gion de Beni Mellal \u2013 Khenifra, a pr\u00e9sid\u00e9 le 19 juillet 2021, au si\u00e8ge de la Wilaya, la c\u00e9r\u00e9monie de lancement du Programme d\u2019Appui aux coop\u00e9ratives qui est le fruit du partenariat entre l\u2019Agence Am\u00e9ricaine pour le D\u00e9veloppement International (USAID), GiveDirectly, l\u2019Initiative Nationale pour le D\u00e9veloppement Humain (INDH), [&hellip;]<\/p>\n","protected":false},"author":4,"featured_media":603,"comment_status":"open","ping_status":"open","sticky":false,"template":"","format":"standard","meta":{"footnotes":""},"categories":[24,12],"tags":[],"class_list":["post-602","post","type-post","status-publish","format-standard","has-post-thumbnail","hentry","category-francais","category-economies"],"_links":{"self":[{"href":"https:\/\/pressmedias.ma\/index.php?rest_route=\/wp\/v2\/posts\/602","targetHints":{"allow":["GET"]}}],"collection":[{"href":"https:\/\/pressmedias.ma\/index.php?rest_route=\/wp\/v2\/posts"}],"about":[{"href":"https:\/\/pressmedias.ma\/index.php?rest_route=\/wp\/v2\/types\/post"}],"author":[{"embeddable":true,"href":"https:\/\/pressmedias.ma\/index.php?rest_route=\/wp\/v2\/users\/4"}],"replies":[{"embeddable":true,"href":"https:\/\/pressmedias.ma\/index.php?rest_route=%2Fwp%2Fv2%2Fcomments&post=602"}],"version-history":[{"count":1,"href":"https:\/\/pressmedias.ma\/index.php?rest_route=\/wp\/v2\/posts\/602\/revisions"}],"predecessor-version":[{"id":604,"href":"https:\/\/pressmedias.ma\/index.php?rest_route=\/wp\/v2\/posts\/602\/revisions\/604"}],"wp:featuredmedia":[{"embeddable":true,"href":"https:\/\/pressmedias.ma\/index.php?rest_route=\/wp\/v2\/media\/603"}],"wp:attachment":[{"href":"https:\/\/pressmedias.ma\/index.php?rest_route=%2Fwp%2Fv2%2Fmedia&parent=602"}],"wp:term":[{"taxonomy":"category","embeddable":true,"href":"https:\/\/pressmedias.ma\/index.php?rest_route=%2Fwp%2Fv2%2Fcategories&post=602"},{"taxonomy":"post_tag","embeddable":true,"href":"https:\/\/pressmedias.ma\/index.php?rest_route=%2Fwp%2Fv2%2Ftags&post=602"}],"curies":[{"name":"wp","href":"https:\/\/api.w.org\/{rel}","templated":true}]}}