{"id":616,"date":"2023-03-14T21:17:40","date_gmt":"2023-03-14T21:17:40","guid":{"rendered":"https:\/\/pressmedias.ma\/?p=616"},"modified":"2023-03-14T21:17:41","modified_gmt":"2023-03-14T21:17:41","slug":"le-comite-regional-de-developpement-humain-etudie-les-resultats-de-la-phase-iii-de-linitiative-nationale-de-developpement-humain-et-ratifie-dimportants-accords","status":"publish","type":"post","link":"https:\/\/pressmedias.ma\/?p=616","title":{"rendered":"<strong>Le Comit\u00e9 R\u00e9gional de D\u00e9veloppement Humain \u00e9tudie les r\u00e9sultats de la phase III de l&rsquo;Initiative Nationale de D\u00e9veloppement Humain et ratifie d&rsquo;importants accords<\/strong>"},"content":{"rendered":"\n<p class=\"has-text-align-left\">Le Wali de la r\u00e9gion de Beni Mellal-Khenifra, M. Khatib El-Habil, a pr\u00e9sid\u00e9 ce matin, mercredi 14 d\u00e9cembre, au si\u00e8ge de la wilaya, la r\u00e9union du Comit\u00e9 r\u00e9gional de d\u00e9veloppement humain, qui \u00e9tait consacr\u00e9e \u00e0 la pr\u00e9sentation des r\u00e9sultats de la r\u00e9alisations de la troisi\u00e8me phase de l\u2019Initiative nationale pour le d\u00e9veloppement humain et pr\u00e9sentant plusieurs accords pour ratification, en plus d\u2019une feuille de route r\u00e9gionale pour la pr\u00e9vention et la lutte contre la p\u00e9nurie de micronutriments, en<br>pr\u00e9sence de MM les gouverneurs des provinces de la R\u00e9gion, le pr\u00e9sident du conseil<br>r\u00e9gional et tous les membres du comit\u00e9 r\u00e9gional de d\u00e9veloppement humain.<\/p>\n\n\n\n<p class=\"has-text-align-left\">Au cours de cette rencontre, le wali de la r\u00e9gion a soulign\u00e9 que, dans le cadre de l\u2019initiative nationale pour le d\u00e9veloppement humain, au cours des quatre derni\u00e8res ann\u00e9es, plusieurs projets ont \u00e9t\u00e9 financ\u00e9s dans la r\u00e9gion de Beni Mellal-Khenifra, ce qui a permis le renforcement des infrastructures, l\u2019am\u00e9lioration des conditions socio- \u00e9conomiques en milieu rural et des services sociaux, et la cr\u00e9ation d\u2019une nouvelle dynamique dans le domaine de l\u2019accompagnement de l\u2019emploi et de la formation des jeunes \u00e0 l\u2019entrepreneuriat et leur insertion \u00e9conomique, et la promotion de la sant\u00e9 et<br>de l\u2019\u00e9ducation des jeunes g\u00e9n\u00e9rations<\/p>\n\n\n\n<p class=\"has-text-align-left\">A cet \u00e9gard, il a indiqu\u00e9 que, pour les ann\u00e9es 2019-2022, 2328 projets \u00e9taient programm\u00e9s dans la r\u00e9gion de Beni Mellal-Khenifra, d\u2019un co\u00fbt financier total d\u2019environ 1 555,69 millions de dirhams, auxquels l\u2019Initiative nationale pour le d\u00e9veloppement humain a contribu\u00e9 \u00e0 hauteur de 80%. , avec un pourcentage de projets achev\u00e9s atteignant 74%, soulignant l\u2019augmentation du rythme d\u2019ach\u00e8vement des projets programm\u00e9s et les efforts concert\u00e9s de tous les acteurs de la r\u00e9gion pour surmonter toutes les contraintes au niveau de la programmation et de la mise en \u0153uvre d\u2019un ensemble de projets de la troisi\u00e8me phase de l\u2019initiative, repr\u00e9sent\u00e9e notamment par la p\u00e9rennisation de l\u2019impact des projets achev\u00e9s sur les b\u00e9n\u00e9ficiaires, la diversification des sources de financement et le renforcement des m\u00e9canismes de gouvernance.<\/p>\n\n\n\n<p class=\"has-text-align-left\">Avec les ressources n\u00e9cessaires, et la qualification et le renforcement des capacit\u00e9s de la soci\u00e9t\u00e9 civile \u00e0 suivre le rythme de ce grand chantier Royal.<br>Au cours de cette r\u00e9union, un expos\u00e9 a \u00e9t\u00e9 pr\u00e9sent\u00e9 par par le chef du service social, dans lequel il a trait\u00e9 du bilan des r\u00e9alisations de l\u2019Initiative nationale de d\u00e9veloppement humain pour les ann\u00e9es 2019-2022 au niveau r\u00e9gional, en plus de la pr\u00e9sentation de trois conventions de partenariat approuv\u00e9es \u00e0 l\u2019unanimit\u00e9, repr\u00e9sent\u00e9es dans :<br>La convention de partenariat conclue entre le Minist\u00e8re de la solidarit\u00e9 de l\u2019insertion sociale et de la famille, la Wilaya de la R\u00e9gion de Beni Mellal-Khenifra et le Conseil de la R\u00e9gion de Beni Mellal-Khenifra, pour faire progresser les conditions \u00e9conomiques et sociales des femmes en situation difficile et des personnes aux Besoins sp\u00e9cifiques; pour un co\u00fbt total de 20 millions de dirhams<br>La convention de partenariat conclue entre la wilaya de la r\u00e9gion de Beni Mellal-Khenifra (Commission r\u00e9gionale de d\u00e9veloppement humain) et l\u2019Acad\u00e9mie r\u00e9gionale de l\u2019\u00e9ducation et de la formation, qui vise \u00e0 d\u00e9velopper un programme d\u2019accompagnement p\u00e9dagogique au profit des \u00e9l\u00e8ves internes de la r\u00e9gion, et cibler les \u00e9l\u00e8ves qui ne ma\u00eetrisent pas les acquis acad\u00e9miques de base pour poursuivre leurs \u00e9tudes dans le but d\u2019\u00e9lever leur niveau de r\u00e9ussite, en plus d\u2019offrir gratuitement<br>des cours de soutien p\u00e9dagogique aux \u00e9l\u00e8ves des \u00e9tablissements d\u2019enseignement et de l\u2019enseignement scolaire public, en utilisant tous les moyens disponibles.<br>La convention de partenariat pour l\u2019\u00e9cole num\u00e9rique, qui vise \u00e0 dispenser des programmes de formation dans les domaines li\u00e9s \u00e0 l\u2019informatique moderne et \u00e0 la num\u00e9risation pour une dur\u00e9e de deux ans, renouvelable au profit d\u2019une cinquantaine de stagiaires parmi les jeunes de la r\u00e9gion annuellement .A la fin de la formation, ils recevront un certificat de fin d\u2019\u00e9tudes.<\/p>\n\n\n\n<p class=\"has-text-align-left\">Une feuille de route r\u00e9gionale a \u00e9galement \u00e9t\u00e9 pr\u00e9sent\u00e9e pour pr\u00e9venir et combattre les carences en compos\u00e9s et nutriments, notamment les carences en vitamines A et D, en iode et en fer, qui provoquent des troubles de sant\u00e9, notamment chez les enfants, les femmes en \u00e2ge de procr\u00e9er et les femmes enceintes. Cette feuille de route vise \u00e0 renforcer et unifier les programmes et interventions qui participent \u00e0 la r\u00e9solution de ce probl\u00e8me, par le renforcement de la coordination entre les acteurs, le suivi et la sensibilisation, et en d\u00e9veloppant la recherche et l\u2019\u00e9valuation.<br>Cette rencontre a \u00e9t\u00e9 marqu\u00e9e par plusieurs interventions \u00e0 travers lesquelles les participants ont discut\u00e9 d\u2019un ensemble d\u2019enjeux et de propositions pour am\u00e9liorer la gouvernance et la mise en \u0153uvre de diverses initiatives et projets dans le cadre de cette phase de l\u2019Initiative Nationale pour le D\u00e9veloppement Humain au niveau de la r\u00e9gion de Beni Mellal Khenifra.<\/p>\n\n\n\n<p><strong>SAID FRIX<\/strong><\/p>\n","protected":false},"excerpt":{"rendered":"<p>Le Wali de la r\u00e9gion de Beni Mellal-Khenifra, M. Khatib El-Habil, a pr\u00e9sid\u00e9 ce matin, mercredi 14 d\u00e9cembre, au si\u00e8ge de la wilaya, la r\u00e9union du Comit\u00e9 r\u00e9gional de d\u00e9veloppement humain, qui \u00e9tait consacr\u00e9e \u00e0 la pr\u00e9sentation des r\u00e9sultats de la r\u00e9alisations de la troisi\u00e8me phase de l\u2019Initiative nationale pour le d\u00e9veloppement humain et pr\u00e9sentant [&hellip;]<\/p>\n","protected":false},"author":4,"featured_media":617,"comment_status":"open","ping_status":"open","sticky":false,"template":"","format":"standard","meta":{"footnotes":""},"categories":[12],"tags":[],"class_list":["post-616","post","type-post","status-publish","format-standard","has-post-thumbnail","hentry","category-economies"],"_links":{"self":[{"href":"https:\/\/pressmedias.ma\/index.php?rest_route=\/wp\/v2\/posts\/616","targetHints":{"allow":["GET"]}}],"collection":[{"href":"https:\/\/pressmedias.ma\/index.php?rest_route=\/wp\/v2\/posts"}],"about":[{"href":"https:\/\/pressmedias.ma\/index.php?rest_route=\/wp\/v2\/types\/post"}],"author":[{"embeddable":true,"href":"https:\/\/pressmedias.ma\/index.php?rest_route=\/wp\/v2\/users\/4"}],"replies":[{"embeddable":true,"href":"https:\/\/pressmedias.ma\/index.php?rest_route=%2Fwp%2Fv2%2Fcomments&post=616"}],"version-history":[{"count":1,"href":"https:\/\/pressmedias.ma\/index.php?rest_route=\/wp\/v2\/posts\/616\/revisions"}],"predecessor-version":[{"id":618,"href":"https:\/\/pressmedias.ma\/index.php?rest_route=\/wp\/v2\/posts\/616\/revisions\/618"}],"wp:featuredmedia":[{"embeddable":true,"href":"https:\/\/pressmedias.ma\/index.php?rest_route=\/wp\/v2\/media\/617"}],"wp:attachment":[{"href":"https:\/\/pressmedias.ma\/index.php?rest_route=%2Fwp%2Fv2%2Fmedia&parent=616"}],"wp:term":[{"taxonomy":"category","embeddable":true,"href":"https:\/\/pressmedias.ma\/index.php?rest_route=%2Fwp%2Fv2%2Fcategories&post=616"},{"taxonomy":"post_tag","embeddable":true,"href":"https:\/\/pressmedias.ma\/index.php?rest_route=%2Fwp%2Fv2%2Ftags&post=616"}],"curies":[{"name":"wp","href":"https:\/\/api.w.org\/{rel}","templated":true}]}}