{"id":642,"date":"2023-03-15T10:18:37","date_gmt":"2023-03-15T10:18:37","guid":{"rendered":"https:\/\/pressmedias.ma\/?p=642"},"modified":"2025-04-17T16:29:46","modified_gmt":"2025-04-17T15:29:46","slug":"defense-du-sionisme-le-cabinet-royal-condamne-benkirane-dirresponsable","status":"publish","type":"post","link":"https:\/\/pressmedias.ma\/?p=642","title":{"rendered":"D\u00e9fense du sionisme\u00a0\u00ab\u00a0, le cabinet Royal condamne Benkirane D\u2019irresponsable \u00a0"},"content":{"rendered":"\n<p dir=\"ltr\">En r\u00e9ponse aux propos tenus par le secr\u00e9taire g\u00e9n\u00e9ral du PJD, qui a \u00ab d\u00e9plor\u00e9 \u00bb les \u00ab prises de position r\u00e9centes du ministre des Affaires \u00e9trang\u00e8res \u00bb Nasser Bourita qui a ses yeux d\u00e9fend l\u2019entit\u00e9 sioniste, \u00bb, le Palais a r\u00e9agi par voie de communiqu\u00e9. Et rappel\u00e9 que la diplomatie demeure le domaine r\u00e9serv\u00e9 du roi, Le cabinet royal a accus\u00e9 le PJD Lundi d&rsquo;\u00eatre <strong>IRRESPONSABLE<\/strong><\/p>\n\n\n\n<p dir=\"ltr\">A cet \u00e9gard, le Cabinet Royal souligne ce qui sui:<\/p>\n\n\n\n<p dir=\"ltr\">Premi\u00e8rement : La position du Maroc envers la question palestinienne est irr\u00e9versible, et elle constitue l&rsquo;une des priorit\u00e9s de la politique \u00e9trang\u00e8re de Sa Majest\u00e9 Le Roi, Amir Al-Mouminine et Pr\u00e9sident du Comit\u00e9 Al-Qods, Qui la place au m\u00eame rang de l&rsquo;int\u00e9grit\u00e9 territoriale du Royaume. Il s\u2019agit d\u2019une position de principe constante du Maroc, qui ne saurait \u00eatre soumise aux surench\u00e8res politiciennes et aux campagnes \u00e9lectorales \u00e9triqu\u00e9es.<\/p>\n\n\n\n<p dir=\"ltr\">Deuxi\u00e8mement : La politique ext\u00e9rieure du Royaume est une pr\u00e9rogative de Sa Majest\u00e9 Le Roi, que Dieu L\u2019assiste, en vertu de la Constitution, que le Souverain exerce conform\u00e9ment aux constantes nationales et aux int\u00e9r\u00eats supr\u00eames de la patrie, et \u00e0 leur t\u00eate la question de l\u2019int\u00e9grit\u00e9 territoriale.<\/p>\n\n\n\n<p dir=\"ltr\">Troisi\u00e8mement : Les relations internationales du Royaume ne peuvent \u00eatre l\u2019objet de chantage de la part de quiconque et pour quelque consid\u00e9ration que ce soit, particuli\u00e8rement dans ce contexte mondial complexe. L\u2019instrumentalisation de la politique ext\u00e9rieure du Royaume dans un agenda partisan interne constitue ainsi un pr\u00e9c\u00e9dent dangereux et inacceptable.<\/p>\n\n\n\n<p dir=\"ltr\">Quatri\u00e8mement : La reprise des relations entre le Maroc et Isra\u00ebl a \u00e9t\u00e9 effectu\u00e9e dans des circonstances et dans un contexte que tout le monde connait. Elle est encadr\u00e9e par le communiqu\u00e9 du Cabinet Royal du 10 d\u00e9cembre 2020 et celui publi\u00e9 le m\u00eame jour \u00e0 la suite de la communication t\u00e9l\u00e9phonique entre Sa Majest\u00e9 Le Roi et le Pr\u00e9sident palestinien, ainsi que par la D\u00e9claration Tripartite du 22 d\u00e9cembre 2020, sign\u00e9e devant le Souverain.<\/p>\n\n\n\n<p dir=\"ltr\">Les forces vives de la nation, les partis politiques, ainsi que certaines personnalit\u00e9s de premier plan, de m\u00eame que certaines instances associatives militant pour la question palestinienne, avaient alors \u00e9t\u00e9 inform\u00e9s de cette d\u00e9cision, pour laquelle ils avaient exprim\u00e9 leur adh\u00e9sion et leur engagement.<\/p>\n","protected":false},"excerpt":{"rendered":"<p>En r\u00e9ponse aux propos tenus par le secr\u00e9taire g\u00e9n\u00e9ral du PJD, qui a \u00ab d\u00e9plor\u00e9 \u00bb les \u00ab prises de position r\u00e9centes du ministre des Affaires \u00e9trang\u00e8res \u00bb Nasser Bourita qui a ses yeux d\u00e9fend l\u2019entit\u00e9 sioniste, \u00bb, le Palais a r\u00e9agi par voie de communiqu\u00e9. Et rappel\u00e9 que la diplomatie demeure le domaine r\u00e9serv\u00e9 [&hellip;]<\/p>\n","protected":false},"author":1,"featured_media":643,"comment_status":"open","ping_status":"open","sticky":false,"template":"","format":"standard","meta":{"footnotes":""},"categories":[24,16,11],"tags":[],"class_list":["post-642","post","type-post","status-publish","format-standard","has-post-thumbnail","hentry","category-francais","category-16","category-national"],"_links":{"self":[{"href":"https:\/\/pressmedias.ma\/index.php?rest_route=\/wp\/v2\/posts\/642","targetHints":{"allow":["GET"]}}],"collection":[{"href":"https:\/\/pressmedias.ma\/index.php?rest_route=\/wp\/v2\/posts"}],"about":[{"href":"https:\/\/pressmedias.ma\/index.php?rest_route=\/wp\/v2\/types\/post"}],"author":[{"embeddable":true,"href":"https:\/\/pressmedias.ma\/index.php?rest_route=\/wp\/v2\/users\/1"}],"replies":[{"embeddable":true,"href":"https:\/\/pressmedias.ma\/index.php?rest_route=%2Fwp%2Fv2%2Fcomments&post=642"}],"version-history":[{"count":1,"href":"https:\/\/pressmedias.ma\/index.php?rest_route=\/wp\/v2\/posts\/642\/revisions"}],"predecessor-version":[{"id":644,"href":"https:\/\/pressmedias.ma\/index.php?rest_route=\/wp\/v2\/posts\/642\/revisions\/644"}],"wp:featuredmedia":[{"embeddable":true,"href":"https:\/\/pressmedias.ma\/index.php?rest_route=\/wp\/v2\/media\/643"}],"wp:attachment":[{"href":"https:\/\/pressmedias.ma\/index.php?rest_route=%2Fwp%2Fv2%2Fmedia&parent=642"}],"wp:term":[{"taxonomy":"category","embeddable":true,"href":"https:\/\/pressmedias.ma\/index.php?rest_route=%2Fwp%2Fv2%2Fcategories&post=642"},{"taxonomy":"post_tag","embeddable":true,"href":"https:\/\/pressmedias.ma\/index.php?rest_route=%2Fwp%2Fv2%2Ftags&post=642"}],"curies":[{"name":"wp","href":"https:\/\/api.w.org\/{rel}","templated":true}]}}