{"id":668,"date":"2023-03-17T18:38:03","date_gmt":"2023-03-17T18:38:03","guid":{"rendered":"https:\/\/pressmedias.ma\/?p=668"},"modified":"2025-04-17T16:29:47","modified_gmt":"2025-04-17T15:29:47","slug":"beni-mellal-tenue-des-assises-regionales-sur-le-developpement-durable","status":"publish","type":"post","link":"https:\/\/pressmedias.ma\/?p=668","title":{"rendered":"Beni Mellal\u00a0: Tenue des assises r\u00e9gionales sur le d\u00e9veloppement durable"},"content":{"rendered":"\n<p class=\"has-text-align-left\">Le si\u00e8ge de la Wilaya de la r\u00e9gion de Beni Mellal \u2013 Khenifra, a abrit\u00e9 le mercredi 15 mars 2023, les assises r\u00e9gionales sur le d\u00e9veloppement durable, organis\u00e9es sous le Haut Patronage de SM le Roi Mohammed VI que Dieu l\u2019assiste, par le Minist\u00e8re de la Transition \u00e9nerg\u00e9tique et du d\u00e9veloppement durable sous le th\u00e8me&nbsp;: \u00ab&nbsp;<strong>enjeux et d\u00e9fis de la durabilit\u00e9 des territoires<\/strong>&nbsp;\u00bb.<\/p>\n\n\n\n<p class=\"has-text-align-left\">Lors du lancement des travaux de ces assises auxquelles a assist\u00e9 le Wali de la r\u00e9gion de Beni Mellal \u2013 Khenifra, M. Khatib El Hebil, la Ministre de la transition \u00e9nerg\u00e9tique et du d\u00e9veloppement durable, Mme Leila Benali, a soulign\u00e9 dans son allocution que ces assises r\u00e9gionales constituent une \u00e9tape importante qui contribuera \u00e0 mobiliser toutes les parties autour d\u2019un d\u00e9veloppement r\u00e9gional plus durable et a \u00e9voqu\u00e9 le r\u00f4le phare que peut jouer cette initiative en permettant \u00e0 tous les citoyens de contribuer \u00e0 l&rsquo;\u00e9laboration des politiques publiques et de participer activement \u00e0 la construction d&rsquo;un avenir commun, tout en rappelant l&rsquo;implication du Maroc dans la mise en \u0153uvre de la Strat\u00e9gie Nationale de D\u00e9veloppement Durable <strong>(SNDD)<\/strong>, \u00e0 travers la prise des mesures pour am\u00e9liorer le cadre de vie des citoyens, pr\u00e9server l&rsquo;environnement, et renforcer les bases d&rsquo;une \u00e9conomie responsable et durable.<\/p>\n\n\n\n<p class=\"has-text-align-left\">A cet \u00e9gard, elle s\u2019est \u00e9galement f\u00e9licit\u00e9e des efforts d\u00e9ploy\u00e9s au niveau r\u00e9gional, qui ont conduit \u00e0 la mobilisation de toutes les comp\u00e9tences pour une r\u00e9flexion sur les enjeux du d\u00e9veloppement durable afin d\u2019enrichir la version actualis\u00e9e de la SNDD qui est en cours d&rsquo;\u00e9laboration, et qui a pour objectif de renforcer le d\u00e9veloppement r\u00e9gional et sa durabilit\u00e9.<\/p>\n\n\n\n<p class=\"has-text-align-left\">Mme. Leila Benali a \u00e9galement soulign\u00e9 qu\u2019afin d&rsquo;\u00e9largir le d\u00e9bat sur les enjeux du d\u00e9veloppement durable, une plateforme interactive a \u00e9t\u00e9 lanc\u00e9e, en parall\u00e8le avec ces assises r\u00e9gionales, pour sonder les opinions et les aspirations des citoyens \u00e0 l&rsquo;int\u00e9rieur et \u00e0 l&rsquo;ext\u00e9rieur du pays dans le but de faire de cet atelier strat\u00e9gique un succ\u00e8s, et a appel\u00e9 \u00e0 une implication effective dans les travaux de ces assises, pour d\u00e9terminer les mesures \u00e0 prendre favorisant un d\u00e9veloppement r\u00e9gional apte \u00e0 consolider la justice sociale, \u00e0 encourager le d\u00e9veloppement humain et \u00e0 r\u00e9duire les disparit\u00e9s sociales et spatiales.<\/p>\n\n\n\n<p class=\"has-text-align-left\">Pour sa part, le Wali de la r\u00e9gion, M. Khatib El Hebil, a soulign\u00e9 que ces assises r\u00e9gionales ont \u00e9t\u00e9 pr\u00e9par\u00e9es \u00e0 travers l&rsquo;organisation de plusieurs ateliers pr\u00e9liminaires concernant les priorit\u00e9s et les enjeux de durabilit\u00e9 au niveau de la r\u00e9gion de Beni Mellal-Khenifra, \u00e0 travers lesquels les points de vue et les attentes de toutes les parties prenantes et intervenants concern\u00e9s ont \u00e9t\u00e9 \u00e9tudi\u00e9s et obtenus.<\/p>\n\n\n\n<p class=\"has-text-align-left\">Il a \u00e9galement pass\u00e9 en revue les initiatives et les efforts d\u00e9ploy\u00e9s visant \u00e0 atteindre la durabilit\u00e9 dans les domaines de la croissance \u00e9conomique, du progr\u00e8s social et de la protection de l&rsquo;environnement dans la r\u00e9gion, notamment par la r\u00e9duction de la pauvret\u00e9, de la pr\u00e9carit\u00e9 et des disparit\u00e9s spatiales et sociales&nbsp;et la mise en place des bases solides pour accro\u00eetre l&rsquo;attractivit\u00e9 r\u00e9gionale, attirer les investissements, atteindre le d\u00e9veloppement \u00e9conomique, garantir des opportunit\u00e9s d&#8217;emploi, prot\u00e9ger l&rsquo;environnement et d\u00e9velopper l&rsquo;approvisionnement en eau tout en diversifiant ses sources.<\/p>\n\n\n\n<p class=\"has-text-align-left\">De m\u00eame, le Wali de la r\u00e9gion a mentionn\u00e9 que l\u2019un des plus grands d\u00e9fis \u00e0 relever est de trouver des moyens pour concilier entre la pr\u00e9servation des ressources naturelles en les rendant plus durables et la r\u00e9alisation du d\u00e9veloppement local au niveau territorial, particuli\u00e8rement \u00e0 la lumi\u00e8re des changements climatiques et des pressions exerc\u00e9es par la croissance des activit\u00e9s agricoles et industrielles, la croissance d\u00e9mographique, l&rsquo;inefficacit\u00e9 des r\u00e9seaux d&rsquo;assainissement, la pr\u00e9dominance de l&rsquo;habitat insalubre et la surexploitation des ressources naturelles affectant l&rsquo;\u00e9cosyst\u00e8me.<\/p>\n\n\n\n<p class=\"has-text-align-left\">Aussi, le Wali de la r\u00e9gion a consid\u00e9r\u00e9 que ce d\u00e9bat constitue une occasion appropri\u00e9e pour mobiliser et impliquer tous les acteurs de la r\u00e9gion dans l&rsquo;\u00e9tude et l&rsquo;\u00e9change des points de vue sur les questions du d\u00e9veloppement durable, afin de d\u00e9terminer, selon une perspective bas\u00e9e sur l&rsquo;harmonie, la coordination et la convergence, les priorit\u00e9s pour atteindre un \u00e9quilibre entre le d\u00e9veloppement et la durabilit\u00e9 sociale, \u00e9conomique et environnementale de la r\u00e9gion, ce qui contribuerait \u00e0 enrichir les orientations strat\u00e9giques de la nouvelle version de la SNDD.<\/p>\n\n\n\n<p class=\"has-text-align-left\">De son c\u00f4t\u00e9, le vice-pr\u00e9sident de la r\u00e9gion a indiqu\u00e9 que ce d\u00e9bat r\u00e9gional consolide l&rsquo;approche participative \u00e0 travers l&rsquo;implication et l&rsquo;ouverture aux diff\u00e9rentes parties prenantes et acteurs de la r\u00e9gion afin de formuler des recommandations et des solutions aptes \u00e0 faire du d\u00e9veloppement r\u00e9gional un d\u00e9veloppement durable, global et \u00e9quilibr\u00e9, et pour contribuer \u00e0 l\u2019actualisation de la SNDD, tout en soulignant que le pari environnemental et la r\u00e9alisation du d\u00e9veloppement durable sont au c\u0153ur de la strat\u00e9gie du Conseil R\u00e9gional de Beni Mellal-Khenifra, notamment \u00e0 travers le r\u00f4le important qu&rsquo;il doit jouer pour la mise en place des bases d&rsquo;un d\u00e9veloppement plus durable dans la r\u00e9gion et son implication dans toutes les initiatives \u00e9troitement li\u00e9es \u00e0 la r\u00e9alisation des objectifs de d\u00e9veloppement durable.<\/p>\n\n\n\n<p class=\"has-text-align-left\">Ces assises r\u00e9gionales auxquelles ont particip\u00e9 des acteurs et intervenants locaux et r\u00e9gionaux, ont connu l&rsquo;organisation de trois ateliers th\u00e9matiques \u00e0 savoir&nbsp;: \u00ab&nbsp;<strong>la valorisation et la sauvegarde des ressources naturelles<\/strong> \u00bb, \u00ab&nbsp;<strong>une \u00e9conomie comp\u00e9titive et des territoires durables&nbsp;<\/strong>\u00bb, et \u00ab&nbsp;<strong>Les services publics et le patrimoine culturel<\/strong>&nbsp;\u00bb, de ce fait des recommandations qui contribueraient \u00e0 l&rsquo;am\u00e9lioration de la nouvelle version de la SNDD ont \u00e9t\u00e9 \u00e9labor\u00e9es.<\/p>\n\n\n\n<p class=\"has-text-align-left\">SAID FRIX<\/p>\n","protected":false},"excerpt":{"rendered":"<p>Le si\u00e8ge de la Wilaya de la r\u00e9gion de Beni Mellal \u2013 Khenifra, a abrit\u00e9 le mercredi 15 mars 2023, les assises r\u00e9gionales sur le d\u00e9veloppement durable, organis\u00e9es sous le Haut Patronage de SM le Roi Mohammed VI que Dieu l\u2019assiste, par le Minist\u00e8re de la Transition \u00e9nerg\u00e9tique et du d\u00e9veloppement durable sous le th\u00e8me&nbsp;: [&hellip;]<\/p>\n","protected":false},"author":4,"featured_media":669,"comment_status":"open","ping_status":"open","sticky":false,"template":"","format":"standard","meta":{"footnotes":""},"categories":[24,12],"tags":[],"class_list":["post-668","post","type-post","status-publish","format-standard","has-post-thumbnail","hentry","category-francais","category-economies"],"_links":{"self":[{"href":"https:\/\/pressmedias.ma\/index.php?rest_route=\/wp\/v2\/posts\/668","targetHints":{"allow":["GET"]}}],"collection":[{"href":"https:\/\/pressmedias.ma\/index.php?rest_route=\/wp\/v2\/posts"}],"about":[{"href":"https:\/\/pressmedias.ma\/index.php?rest_route=\/wp\/v2\/types\/post"}],"author":[{"embeddable":true,"href":"https:\/\/pressmedias.ma\/index.php?rest_route=\/wp\/v2\/users\/4"}],"replies":[{"embeddable":true,"href":"https:\/\/pressmedias.ma\/index.php?rest_route=%2Fwp%2Fv2%2Fcomments&post=668"}],"version-history":[{"count":2,"href":"https:\/\/pressmedias.ma\/index.php?rest_route=\/wp\/v2\/posts\/668\/revisions"}],"predecessor-version":[{"id":2793,"href":"https:\/\/pressmedias.ma\/index.php?rest_route=\/wp\/v2\/posts\/668\/revisions\/2793"}],"wp:featuredmedia":[{"embeddable":true,"href":"https:\/\/pressmedias.ma\/index.php?rest_route=\/wp\/v2\/media\/669"}],"wp:attachment":[{"href":"https:\/\/pressmedias.ma\/index.php?rest_route=%2Fwp%2Fv2%2Fmedia&parent=668"}],"wp:term":[{"taxonomy":"category","embeddable":true,"href":"https:\/\/pressmedias.ma\/index.php?rest_route=%2Fwp%2Fv2%2Fcategories&post=668"},{"taxonomy":"post_tag","embeddable":true,"href":"https:\/\/pressmedias.ma\/index.php?rest_route=%2Fwp%2Fv2%2Ftags&post=668"}],"curies":[{"name":"wp","href":"https:\/\/api.w.org\/{rel}","templated":true}]}}