{"id":691,"date":"2023-03-21T22:50:22","date_gmt":"2023-03-21T22:50:22","guid":{"rendered":"https:\/\/pressmedias.ma\/?p=691"},"modified":"2025-04-17T16:32:04","modified_gmt":"2025-04-17T15:32:04","slug":"organisation-de-la-journee-des-laureats-de-lecole-superieure-de-technologie-de-beni-mellal","status":"publish","type":"post","link":"https:\/\/pressmedias.ma\/?p=691","title":{"rendered":"<strong>Organisation de la journ\u00e9e des \u00a0laur\u00e9ats de l\u2019Ecole sup\u00e9rieure de technologie de Beni Mellal<\/strong>"},"content":{"rendered":"\n<p class=\"has-text-align-left\">A l&rsquo;occasion de son 10e anniversaire, l&rsquo;Ecole Sup\u00e9rieure de Technologie de Beni Mellal a&nbsp; r\u00e9cemment organis\u00e9 La Journ\u00e9e des Laur\u00e9ats &#8211; Alumni Day, \u00e0 l\u2019Amphi de ESTBM.<\/p>\n\n\n\n<p class=\"has-text-align-left\">Cette premi\u00e8re \u00e9dition a \u00e9t\u00e9 une occasion unique pour les futurs dipl\u00f4m\u00e9s d&rsquo;\u00e9largir et de d\u00e9velopper leur r\u00e9seau professionnel, de confronter leur perception des m\u00e9tiers \u00e0 la r\u00e9alit\u00e9 du terrain, de leur permettre \u00e9galement d&rsquo;interagir avec leurs coll\u00e8gues et d&rsquo;\u00e9changer leurs exp\u00e9riences dans les domaines d&rsquo;intervention de chacun.<\/p>\n\n\n\n<p class=\"has-text-align-left\">Tout au long de la journ\u00e9e, l&rsquo;\u00e9cole avait l\u2019honneur d\u2019accueillir des t\u00e9moignages sur les carri\u00e8res exceptionnelles de ses laur\u00e9ats, ainsi que des ateliers de formation sur la m\u00e9thodologie PFE, la valorisation des comp\u00e9tences ( Skills Enchantement) et le recrutement.<\/p>\n\n\n\n<p class=\"has-text-align-left\">L\u2019organisation de cette journ\u00e9e s\u2019assigne pour objectif&nbsp; de permettre aux \u00e9tudiants d\u2019entrer en contact avec d\u2019autres professionnels dans leur domaine \u00ab&nbsp;L\u2019ESTBM remercie tous les intervenants et participants pour leur pr\u00e9sence et leur contribution \u00e0 la r\u00e9ussite de cet \u00e9v\u00e9nement. en esp\u00e9rant que cette journ\u00e9e a \u00e9t\u00e9 b\u00e9n\u00e9fique pour tous les \u00e9tudiants et qu&rsquo;elle leur a permis d&rsquo;entrer en contact avec d&rsquo;autres professionnels dans leur domaine, faisant de ce rendez-vous annuel un rituel d&rsquo;\u00e9change, de rencontre et de convivialit\u00e9.&nbsp;\u00bb a soulign\u00e9&nbsp; M Oussama Abdelkhalek Directeur de l\u2019Ecole sup\u00e9rieure de technologie de Beni Mellal Notons que les deux sessions de cette journ\u00e9e ont port\u00e9 sur la pr\u00e9sentation des t\u00e9moignages&nbsp;: le parcours acad\u00e9mique, professionnel, \u00e0 l\u2019international, entrepreneurial et l\u2019organisation d\u2019ateliers qui ont mis en exergue deux th\u00e9matiques, \u00e0 savoir, M\u00e9thodologie de recherche et techniques de r\u00e9daction d\u2019un PFE et Recrutement 360&nbsp;: personal Branding , CV enhancement<\/p>\n","protected":false},"excerpt":{"rendered":"<p>A l&rsquo;occasion de son 10e anniversaire, l&rsquo;Ecole Sup\u00e9rieure de Technologie de Beni Mellal a&nbsp; r\u00e9cemment organis\u00e9 La Journ\u00e9e des Laur\u00e9ats &#8211; Alumni Day, \u00e0 l\u2019Amphi de ESTBM. Cette premi\u00e8re \u00e9dition a \u00e9t\u00e9 une occasion unique pour les futurs dipl\u00f4m\u00e9s d&rsquo;\u00e9largir et de d\u00e9velopper leur r\u00e9seau professionnel, de confronter leur perception des m\u00e9tiers \u00e0 la r\u00e9alit\u00e9 [&hellip;]<\/p>\n","protected":false},"author":4,"featured_media":692,"comment_status":"open","ping_status":"open","sticky":false,"template":"","format":"standard","meta":{"footnotes":""},"categories":[24,1],"tags":[],"class_list":["post-691","post","type-post","status-publish","format-standard","has-post-thumbnail","hentry","category-francais","category-1"],"_links":{"self":[{"href":"https:\/\/pressmedias.ma\/index.php?rest_route=\/wp\/v2\/posts\/691","targetHints":{"allow":["GET"]}}],"collection":[{"href":"https:\/\/pressmedias.ma\/index.php?rest_route=\/wp\/v2\/posts"}],"about":[{"href":"https:\/\/pressmedias.ma\/index.php?rest_route=\/wp\/v2\/types\/post"}],"author":[{"embeddable":true,"href":"https:\/\/pressmedias.ma\/index.php?rest_route=\/wp\/v2\/users\/4"}],"replies":[{"embeddable":true,"href":"https:\/\/pressmedias.ma\/index.php?rest_route=%2Fwp%2Fv2%2Fcomments&post=691"}],"version-history":[{"count":1,"href":"https:\/\/pressmedias.ma\/index.php?rest_route=\/wp\/v2\/posts\/691\/revisions"}],"predecessor-version":[{"id":693,"href":"https:\/\/pressmedias.ma\/index.php?rest_route=\/wp\/v2\/posts\/691\/revisions\/693"}],"wp:featuredmedia":[{"embeddable":true,"href":"https:\/\/pressmedias.ma\/index.php?rest_route=\/wp\/v2\/media\/692"}],"wp:attachment":[{"href":"https:\/\/pressmedias.ma\/index.php?rest_route=%2Fwp%2Fv2%2Fmedia&parent=691"}],"wp:term":[{"taxonomy":"category","embeddable":true,"href":"https:\/\/pressmedias.ma\/index.php?rest_route=%2Fwp%2Fv2%2Fcategories&post=691"},{"taxonomy":"post_tag","embeddable":true,"href":"https:\/\/pressmedias.ma\/index.php?rest_route=%2Fwp%2Fv2%2Ftags&post=691"}],"curies":[{"name":"wp","href":"https:\/\/api.w.org\/{rel}","templated":true}]}}