{"id":707,"date":"2023-03-23T18:59:26","date_gmt":"2023-03-23T18:59:26","guid":{"rendered":"https:\/\/pressmedias.ma\/?p=707"},"modified":"2025-04-17T16:29:07","modified_gmt":"2025-04-17T15:29:07","slug":"echanges-sur-les-opportunites-dinvestissement-et-les-perspectives-de-developpement-de-la-cooperation-entre-les-acteurs-economiques-espagnols-et-leurs-homologues","status":"publish","type":"post","link":"https:\/\/pressmedias.ma\/?p=707","title":{"rendered":"Echanges sur les opportunit\u00e9s d&rsquo;investissement et les perspectives de d\u00e9veloppement de la coop\u00e9ration entre les acteurs \u00e9conomiques espagnols et leurs homologues"},"content":{"rendered":"\n<p class=\"has-text-align-left\">Le Wali de la r\u00e9gion de Beni Mellal \u2013 Khenifra, M. Khatib El Hebil a pr\u00e9sid\u00e9, le mardi 21 mars 2023, au si\u00e8ge de la Wilaya, une s\u00e9ance de travail tenue avec le consul g\u00e9n\u00e9ral de l\u2019Espagne \u00e0 Casablanca et le conseiller \u00e9conomique et commercial de l&rsquo;ambassade de l\u2019Espagne au Maroc, dans le cadre de leur visite \u00e0 cette r\u00e9gion ayant pour objet de d\u00e9couvrir les perspectives et les opportunit\u00e9s d&rsquo;investissement, et d\u2019\u00e9tudier les moyens pour d\u00e9velopper les relations de coop\u00e9ration entre les acteurs \u00e9conomiques espagnols et leurs homologues de la r\u00e9gion de Beni Mellal-Khenifra. Ont assist\u00e9 \u00e9galement \u00e0 cette rencontre, le gouverneur de la province d\u2019Azilal, le vice-pr\u00e9sident de la r\u00e9gion, le pr\u00e9sident du conseil provincial de B\u00e9nimellal, le pr\u00e9sident du bureau r\u00e9gion de la CGEM, les repr\u00e9sentants des acteurs \u00e9conomiques locaux et les chefs de services d\u00e9concentr\u00e9s de l\u2019Etat.<\/p>\n\n\n\n<p class=\"has-text-align-left\">Dans son allocution \u00e0 cette occasion, le Wali de la r\u00e9gion a mis en exergue les liens forts et les relations d\u2019amiti\u00e9 et de coop\u00e9ration liant le Royaume du Maroc et le Royaume de l\u2019Espagne, qui reposent sur un partenariat fort et durable et sur un soutien aux \u00e9changes visant le d\u00e9veloppement des deux pays, et a soulign\u00e9 que cette visite sera l\u2019occasion de tisser une relation solide entre les hommes d&rsquo;affaires et investisseurs espagnols et la r\u00e9gion de Beni Mellal-Kh\u00e9nifra, \u00e0 travers la cr\u00e9ation de projets d&rsquo;investissement notamment dans les secteurs porteurs de la r\u00e9gion comme les industries agro-alimentaires, le tourisme durable, les \u00e9nergies renouvelables, l&rsquo;\u00e9conomie verte, le secteur minier et tout autre secteur d\u2019int\u00e9r\u00eat commun.<\/p>\n\n\n\n<p class=\"has-text-align-left\">Le Wali de la r\u00e9gion a \u00e9galement pass\u00e9 en revue les potentialit\u00e9s, les ressources naturelles et humaines, les atouts agricoles et touristiques, et les grandes infrastructures dont dispose la r\u00e9gion de Beni Mellal-Khenifra, qui contribuent \u00e0 accro\u00eetre son attractivit\u00e9 et sa comp\u00e9titivit\u00e9, tout en soulignant les efforts d\u00e9ploy\u00e9s au niveau de la r\u00e9gion afin de valoriser ses atouts, promouvoir l&rsquo;\u00e9conomie r\u00e9gionale, stimuler l&rsquo;investissement, cr\u00e9er des entreprises et des opportunit\u00e9s d&#8217;emploi.<\/p>\n\n\n\n<p class=\"has-text-align-left\">Pour sa part, le Consul G\u00e9n\u00e9ral d\u2019Espagne \u00e0 Casablanca a exprim\u00e9 sa gratitude de l&rsquo;accueil chaleureux qui lui a \u00e9t\u00e9 r\u00e9serv\u00e9 en compagnie du Conseiller \u00e9conomique et commercial de l&rsquo;Ambassade de l\u2019Espagne, par les responsables de la r\u00e9gion, lors de cette visite qui s&rsquo;inscrit dans le cadre de la promotion des affaires \u00e9conomiques et d&rsquo;int\u00e9r\u00eat commun entre les deux pays, notamment celles li\u00e9es \u00e0 l&rsquo;agriculture, l&rsquo;eau, le tourisme et les min\u00e9raux, et a annonc\u00e9 la programmation d&rsquo;une prochaine rencontre afin de permettre aux entreprises espagnoles de connaitre et de d\u00e9velopper des relations de partenariat avec leurs homologues au Maroc. Il a \u00e9galement soulign\u00e9 que cette visite est une occasion d&rsquo;\u00e9tablir des relations de coop\u00e9ration et de partenariat et d\u2019ouverture des investisseurs espagnols sur la r\u00e9gion de Beni Mellal-Kh\u00e9nifra.<\/p>\n\n\n\n<p class=\"has-text-align-left\">De son c\u00f4t\u00e9, le Conseiller \u00e9conomique et commercial de l&rsquo;Ambassade de l&rsquo;Espagne a exprim\u00e9 son admiration pour les r\u00e9alisations et le dynamisme \u00e9conomique que connait la r\u00e9gion de Beni Mellal-Khenifra, tout en indiquant que son pays est pr\u00eat \u00e0 fournir un appui technique dans le domaine du tourisme et \u00e0 faire de la r\u00e9gion une destination pour les touristes espagnols, et a ajout\u00e9 que les secteurs des industries alimentaires et min\u00e9rales constituent un centre d&rsquo;int\u00e9r\u00eat pour les investisseurs espagnols, ce qui fera de l&rsquo;Espagne un partenaire id\u00e9al et strat\u00e9gique pour la r\u00e9gion de Beni Mellal-Khenifra.<\/p>\n\n\n\n<p class=\"has-text-align-left\">Lors de cette rencontre le Directeur du CRI et la directrice du Conseil R\u00e9gional du Tourisme (CRT) ont pr\u00e9sent\u00e9 des expos\u00e9s portant sur les atouts de la r\u00e9gion, les efforts d\u00e9ploy\u00e9s pour promouvoir le secteur du tourisme et les diff\u00e9rents secteurs productifs pour am\u00e9liorer les conditions d&rsquo;investissement de la r\u00e9gion.<\/p>\n\n\n\n<p class=\"has-text-align-left\">La rencontre a \u00e9galement connu plusieurs interventions des acteurs \u00e9conomiques de la r\u00e9gion, \u00e0 travers lesquelles ils ont \u00e9voqu\u00e9 leurs projets d&rsquo;investissement, ainsi que les relations de coop\u00e9ration et de partenariat qui les lient avec divers partenaires internationaux dans le cadre commercial notamment au niveau du Royaume de l\u2019Espagne, et ont exprim\u00e9 leur volont\u00e9 de d\u00e9velopper et de faire avancer ces relations en parall\u00e8le avec les transformations positives que conna\u00eet le partenariat \u00e9conomique entre le Maroc et l&rsquo;Espagne.<\/p>\n\n\n\n<p class=\"has-text-align-left\">A l&rsquo;issue de la rencontre, des visites de terrain ont \u00e9t\u00e9 effectu\u00e9es \u00e0 plusieurs unit\u00e9s industrielles de valorisation des produits agricoles au niveau de l\u2019agropole et d\u2019autres localit\u00e9s de la province de de Beni Mellal.<\/p>\n\n\n\n<p class=\"has-text-align-left\">SAID FRIX<\/p>\n","protected":false},"excerpt":{"rendered":"<p>Le Wali de la r\u00e9gion de Beni Mellal \u2013 Khenifra, M. Khatib El Hebil a pr\u00e9sid\u00e9, le mardi 21 mars 2023, au si\u00e8ge de la Wilaya, une s\u00e9ance de travail tenue avec le consul g\u00e9n\u00e9ral de l\u2019Espagne \u00e0 Casablanca et le conseiller \u00e9conomique et commercial de l&rsquo;ambassade de l\u2019Espagne au Maroc, dans le cadre de [&hellip;]<\/p>\n","protected":false},"author":4,"featured_media":708,"comment_status":"open","ping_status":"open","sticky":false,"template":"","format":"standard","meta":{"footnotes":""},"categories":[24,12],"tags":[],"class_list":["post-707","post","type-post","status-publish","format-standard","has-post-thumbnail","hentry","category-francais","category-economies"],"_links":{"self":[{"href":"https:\/\/pressmedias.ma\/index.php?rest_route=\/wp\/v2\/posts\/707","targetHints":{"allow":["GET"]}}],"collection":[{"href":"https:\/\/pressmedias.ma\/index.php?rest_route=\/wp\/v2\/posts"}],"about":[{"href":"https:\/\/pressmedias.ma\/index.php?rest_route=\/wp\/v2\/types\/post"}],"author":[{"embeddable":true,"href":"https:\/\/pressmedias.ma\/index.php?rest_route=\/wp\/v2\/users\/4"}],"replies":[{"embeddable":true,"href":"https:\/\/pressmedias.ma\/index.php?rest_route=%2Fwp%2Fv2%2Fcomments&post=707"}],"version-history":[{"count":2,"href":"https:\/\/pressmedias.ma\/index.php?rest_route=\/wp\/v2\/posts\/707\/revisions"}],"predecessor-version":[{"id":2802,"href":"https:\/\/pressmedias.ma\/index.php?rest_route=\/wp\/v2\/posts\/707\/revisions\/2802"}],"wp:featuredmedia":[{"embeddable":true,"href":"https:\/\/pressmedias.ma\/index.php?rest_route=\/wp\/v2\/media\/708"}],"wp:attachment":[{"href":"https:\/\/pressmedias.ma\/index.php?rest_route=%2Fwp%2Fv2%2Fmedia&parent=707"}],"wp:term":[{"taxonomy":"category","embeddable":true,"href":"https:\/\/pressmedias.ma\/index.php?rest_route=%2Fwp%2Fv2%2Fcategories&post=707"},{"taxonomy":"post_tag","embeddable":true,"href":"https:\/\/pressmedias.ma\/index.php?rest_route=%2Fwp%2Fv2%2Ftags&post=707"}],"curies":[{"name":"wp","href":"https:\/\/api.w.org\/{rel}","templated":true}]}}