{"id":800,"date":"2023-03-31T23:03:25","date_gmt":"2023-03-31T23:03:25","guid":{"rendered":"https:\/\/pressmedias.ma\/?p=800"},"modified":"2025-04-17T16:29:03","modified_gmt":"2025-04-17T15:29:03","slug":"six-morts-dans-une-attaque-dans-le-nord-du-burkina-faso","status":"publish","type":"post","link":"https:\/\/pressmedias.ma\/?p=800","title":{"rendered":"Six morts dans une attaque dans le nord du Burkina Faso"},"content":{"rendered":"\n<p dir=\"ltr\">Des sources s\u00e9curitaires ont rapport\u00e9 vendredi que six civils, dont quatre aides de l\u2019arm\u00e9e, ont \u00e9t\u00e9 tu\u00e9s, mercredi, dans une attaque arm\u00e9e dans le nord du Burkina Faso, au cours de laquelle \u00ab&nbsp;une trentaine de terroristes ont \u00e9t\u00e9 neutralis\u00e9s&nbsp;\u00bb.<\/p>\n\n\n\n<p dir=\"ltr\">\u00ab&nbsp;Plus d\u2019une centaine de terroristes ont attaqu\u00e9, mercredi, le village de Kosuka dans la pr\u00e9fecture de Yatenga (nord du pays), tuant six personnes, dont quatre volontaires pour la d\u00e9fense de la patrie&nbsp;\u00bb, ont rapport\u00e9 les m\u00e9dias, citant l\u2019une de ces sources, ajoutant que \u00ab&nbsp;des avions ont particip\u00e9 \u00e0 la traque des assaillants et ont permis la neutralisation d\u2019environ 30 terroristes alors qu\u2019ils fuyaient&nbsp;\u00bb.<\/p>\n\n\n\n<p dir=\"ltr\">Un responsable local des \u00ab&nbsp;Volontaires de la d\u00e9fense du territoire&nbsp;\u00bb a confirm\u00e9 le nombre de morts de six personnes et les \u00ab&nbsp;victimes&nbsp;\u00bb parmi les assaillants, expliquant que \u00ab&nbsp;les forces terrestres ont ensuite r\u00e9cup\u00e9r\u00e9 d\u2019importants moyens logistiques et des armes dans la r\u00e9gion&nbsp;\u00bb.<\/p>\n\n\n\n<p dir=\"ltr\">L\u2019arm\u00e9e burkinab\u00e8 a d\u00e9clar\u00e9 qu\u2019une \u00ab&nbsp;grande base terroriste&nbsp;\u00bb avait \u00e9t\u00e9 d\u00e9mantel\u00e9e jeudi et que \u00ab&nbsp;de nombreux terroristes&nbsp;\u00bb avaient \u00e9t\u00e9 neutralis\u00e9s \u00e0 Mangodara, pr\u00e8s de la fronti\u00e8re avec la C\u00f4te d\u2019Ivoire.<\/p>\n\n\n\n<p dir=\"ltr\">Dans une vid\u00e9o diffus\u00e9e \u00e0 la t\u00e9l\u00e9vision nationale montrant des frappes de drones, l\u2019arm\u00e9e a confirm\u00e9 que \u00ab&nbsp;de nombreux terroristes&nbsp;\u00bb qui avaient mis en place un poste de contr\u00f4le \u00e0 Tabarco dans la r\u00e9gion du centre-nord avaient \u00e9t\u00e9 neutralis\u00e9s.<\/p>\n\n\n\n<p dir=\"ltr\">Depuis 2015, la violence attribu\u00e9e aux groupes terroristes affili\u00e9s \u00e0 la fois \u00e0 Al-Qa\u00efda et \u00e0 l\u2019Etat islamique, selon des ONG, a entra\u00een\u00e9 la mort de plus de 10 312210 civils et militaires et d\u00e9plac\u00e9 pr\u00e8s de deux millions de personnes.<\/p>\n\n\n\n<p dir=\"ltr\">MAP&nbsp;<\/p>\n","protected":false},"excerpt":{"rendered":"<p>Des sources s\u00e9curitaires ont rapport\u00e9 vendredi que six civils, dont quatre aides de l\u2019arm\u00e9e, ont \u00e9t\u00e9 tu\u00e9s, mercredi, dans une attaque arm\u00e9e dans le nord du Burkina Faso, au cours de laquelle \u00ab&nbsp;une trentaine de terroristes ont \u00e9t\u00e9 neutralis\u00e9s&nbsp;\u00bb. \u00ab&nbsp;Plus d\u2019une centaine de terroristes ont attaqu\u00e9, mercredi, le village de Kosuka dans la pr\u00e9fecture de [&hellip;]<\/p>\n","protected":false},"author":1,"featured_media":801,"comment_status":"open","ping_status":"open","sticky":false,"template":"","format":"standard","meta":{"footnotes":""},"categories":[24,10],"tags":[],"class_list":["post-800","post","type-post","status-publish","format-standard","has-post-thumbnail","hentry","category-francais","category-international"],"_links":{"self":[{"href":"https:\/\/pressmedias.ma\/index.php?rest_route=\/wp\/v2\/posts\/800","targetHints":{"allow":["GET"]}}],"collection":[{"href":"https:\/\/pressmedias.ma\/index.php?rest_route=\/wp\/v2\/posts"}],"about":[{"href":"https:\/\/pressmedias.ma\/index.php?rest_route=\/wp\/v2\/types\/post"}],"author":[{"embeddable":true,"href":"https:\/\/pressmedias.ma\/index.php?rest_route=\/wp\/v2\/users\/1"}],"replies":[{"embeddable":true,"href":"https:\/\/pressmedias.ma\/index.php?rest_route=%2Fwp%2Fv2%2Fcomments&post=800"}],"version-history":[{"count":1,"href":"https:\/\/pressmedias.ma\/index.php?rest_route=\/wp\/v2\/posts\/800\/revisions"}],"predecessor-version":[{"id":802,"href":"https:\/\/pressmedias.ma\/index.php?rest_route=\/wp\/v2\/posts\/800\/revisions\/802"}],"wp:featuredmedia":[{"embeddable":true,"href":"https:\/\/pressmedias.ma\/index.php?rest_route=\/wp\/v2\/media\/801"}],"wp:attachment":[{"href":"https:\/\/pressmedias.ma\/index.php?rest_route=%2Fwp%2Fv2%2Fmedia&parent=800"}],"wp:term":[{"taxonomy":"category","embeddable":true,"href":"https:\/\/pressmedias.ma\/index.php?rest_route=%2Fwp%2Fv2%2Fcategories&post=800"},{"taxonomy":"post_tag","embeddable":true,"href":"https:\/\/pressmedias.ma\/index.php?rest_route=%2Fwp%2Fv2%2Ftags&post=800"}],"curies":[{"name":"wp","href":"https:\/\/api.w.org\/{rel}","templated":true}]}}