{"id":831,"date":"2023-04-03T22:39:41","date_gmt":"2023-04-03T22:39:41","guid":{"rendered":"https:\/\/pressmedias.ma\/?p=831"},"modified":"2025-04-17T16:29:04","modified_gmt":"2025-04-17T15:29:04","slug":"les-relations-maroc-senegal-fondees-sur-la-comprehension-et-le-rapprochement-ambassadeur","status":"publish","type":"post","link":"https:\/\/pressmedias.ma\/?p=831","title":{"rendered":"Les relations Maroc-S\u00e9n\u00e9gal fond\u00e9es sur \u00ab\u00a0la compr\u00e9hension et le rapprochement\u00a0\u00bb (Ambassadeur)"},"content":{"rendered":"\n<p dir=\"ltr\">L\u2019ambassadeur de Sa Majest\u00e9 le Roi au S\u00e9n\u00e9gal, Hassan Naciri, a indiqu\u00e9 que les relations entre le Royaume du Maroc et la R\u00e9publique du S\u00e9n\u00e9gal sont bas\u00e9es sur \u00ab&nbsp;la compr\u00e9hension et le rapprochement&nbsp;\u00bb, soulignant que ces relations se sont renforc\u00e9es au cours des derni\u00e8res d\u00e9cennies.<\/p>\n\n\n\n<p dir=\"ltr\">Le diplomate marocain a d\u00e9clar\u00e9 lundi dans une interview accord\u00e9e au journal s\u00e9n\u00e9galais \u00ab&nbsp;Le Soleil&nbsp;\u00bb que Sa Majest\u00e9 le Roi Mohammed VI avait \u00e0 c\u0153ur de renforcer cette relation en travaillant avec conviction et d\u00e9termination, \u00e0 trois niveaux.<\/p>\n\n\n\n<p dir=\"ltr\">Sur le plan politique, a-t-il dit, il s\u2019agit de \u00ab&nbsp;remplir et maintenir l\u2019esprit de cette relation privil\u00e9gi\u00e9e, comme en t\u00e9moignent huit visites officielles de Sa Majest\u00e9 \u00e0 Dakar, avec la signature d\u2019un nombre important d\u2019accords. C\u2019est le plus grand nombre de visites effectu\u00e9es dans un pays africain fr\u00e8re. \u00bb Sur le plan \u00e9conomique, \u00ab&nbsp;Sa Majest\u00e9 le Roi Mohammed VI, que Dieu L\u2019assiste, a \u0153uvr\u00e9 avec le Pr\u00e9sident Macky Sall, ainsi qu\u2019avec son pr\u00e9d\u00e9cesseur Abdoulaye Wade, dans un esprit de destin commun et de liens de solidarit\u00e9, pour donner un contenu concret \u00e0 cette relation unique, en tissant des partenariats forts et innovants entre nos deux pays&nbsp;\u00bb, expliquant que ces partenariats b\u00e9n\u00e9fiques pour les deux pays couvrent les domaines de la finance, de la construction, de l\u2019agriculture et des services, sans n\u00e9gliger la coop\u00e9ration d\u00e9centralis\u00e9e.<\/p>\n\n\n\n<p dir=\"ltr\">S\u2019agissant du troisi\u00e8me axe, \u00ab&nbsp;nos hautes autorit\u00e9s ont d\u00e9ploy\u00e9 de grands efforts pour \u00e9tablir une coop\u00e9ration fructueuse dans les domaines culturels, comme en t\u00e9moigne le grand nombre d\u2019\u00e9tudiants poursuivant leurs \u00e9tudes, que ce soit au Maroc ou au S\u00e9n\u00e9gal, ce qui refl\u00e8te positivement la connaissance mutuelle et le rapprochement humain&nbsp;\u00bb, a-t-il d\u00e9clar\u00e9. Toujours en ce qui concerne l\u2019aspect culturel, M. Naciri a soulign\u00e9 l\u2019importance de la dimension religieuse, qui repose sur l\u2019\u00c9mirat des croyants, incarn\u00e9 par Sa Majest\u00e9 le Roi Mohammed VI, \u00e0 l\u2019instar de ses bienheureux pr\u00e9d\u00e9cesseurs, consid\u00e9rant que \u00ab&nbsp;ce concept reste d\u00e9cisif pour r\u00e9aliser le caract\u00e8re exceptionnel de nos relations, \u00e9tant donn\u00e9 qu\u2019il transcende tous les aspects classiques des relations entre Etats, jouit de son propre dynamisme et se d\u00e9veloppe en dehors de tout possible, quelle que soit sa nature&nbsp;\u00bb.<\/p>\n\n\n\n<p dir=\"ltr\">\u00ab&nbsp;Y a-t-il un meilleur signe que que Sa Majest\u00e9 le Roi Mohammed VI, s\u2019adressera au peuple marocain \u00e0 l\u2019occasion du 41\u00e8me anniversaire de la glorieuse Marche verte, depuis sa r\u00e9sidence ici \u00e0 Dakar&nbsp;\u00bb, a-t-il d\u00e9clar\u00e9, notant que cette \u00e9tape, la premi\u00e8re dans l\u2019histoire du protocole royal, \u00ab&nbsp;d\u00e9montre la force des relations entre les deux pays&nbsp;\u00bb.<\/p>\n\n\n\n<p dir=\"ltr\">L\u2019ambassadeur du Maroc a ajout\u00e9 que la relation entre les deux pays s\u2019est form\u00e9e au cours des si\u00e8cles \u00e0 travers les flux humains des deux c\u00f4t\u00e9s, et que les liens de sang qui en ont r\u00e9sult\u00e9 remontent \u00e0 longtemps, soulignant que les experts parlent du fait que l\u2019islam est entr\u00e9 au S\u00e9n\u00e9gal depuis les VIIe et VIIIe si\u00e8cles par le Maroc.<\/p>\n\n\n\n<p dir=\"ltr\">S\u2019agissant de la p\u00e9riode pr\u00e9c\u00e9dant l\u2019ind\u00e9pendance, il a soulign\u00e9 que ces relations se caract\u00e9risaient par un parcours unique et riche empreint de compr\u00e9hension et de compl\u00e9mentarit\u00e9, rappelant qu\u2019\u00e0 la veille de l\u2019ind\u00e9pendance, feu Sa Majest\u00e9 le Roi Mohammed V, \u00e0 son retour d\u2019exil \u00e0 Madagascar, avait fait une escale historique \u00e0 Dakar en novembre 1955.<\/p>\n\n\n\n<p dir=\"ltr\">\u00ab&nbsp;Au cours de cette pause, Sa Majest\u00e9 le d\u00e9funt a re\u00e7u beaucoup de soins et de soutien de la part des familles soufies du S\u00e9n\u00e9gal&nbsp;\u00bb, a-t-il d\u00e9clar\u00e9, soulignant qu\u2019il s\u2019agissait d\u2019un acte symbolique d\u2019une grande importance.<\/p>\n\n\n\n<p dir=\"ltr\">A cet \u00e9gard, il a soulign\u00e9 que \u00ab&nbsp;cet essor des relations de solidarit\u00e9 s\u2019inscrit dans le cadre de la fid\u00e9lit\u00e9 aux traditions de relations entre les deux pays, notamment \u00e0 travers le soutien du S\u00e9n\u00e9gal au processus d\u2019ach\u00e8vement de l\u2019int\u00e9grit\u00e9 territoriale du Royaume lors de la glorieuse Marche verte cr\u00e9\u00e9e par feu Sa Majest\u00e9 le Roi Hassan II en 1975, o\u00f9 les fr\u00e8res s\u00e9n\u00e9galais ont spontan\u00e9ment rejoint les 350.000 Marocains qui portaient le Saint Coran et les drapeaux nationaux pour lib\u00e9rer les provinces du Sud de l\u2019occupation espagnole&nbsp;\u00bb.<\/p>\n\n\n\n<p dir=\"ltr\">\u00ab&nbsp;Conform\u00e9ment \u00e0 cet engagement historique, le S\u00e9n\u00e9gal a \u00e9galement ouvert un consulat g\u00e9n\u00e9ral dans la ville de Dakhla, l\u2019une des m\u00e9tropoles majeures du Sahara marocain&nbsp;\u00bb, a d\u00e9clar\u00e9 l\u2019ambassadeur du Maroc.<\/p>\n\n\n\n<p dir=\"ltr\">Il a \u00e9galement soulign\u00e9 que feu le roi Hassan II et son fr\u00e8re L\u00e9opold S\u00e9dar Senghor Fid\u00e8les au caract\u00e8re exceptionnel des relations entre les deux pays, ils ont jet\u00e9 de nouvelles bases \u00e0 cette relation, qui a \u00e9t\u00e9 caract\u00e9ris\u00e9e par la conclusion de l\u2019accord de r\u00e8glement en 1964, soulignant qu\u2019il s\u2019agit \u00ab&nbsp;d\u2019un accord qui constitue une r\u00e9f\u00e9rence \u00e0 ce jour, car il est sans pr\u00e9c\u00e9dent dans nos relations avec le monde ext\u00e9rieur et en avance sur son temps&nbsp;\u00bb.<\/p>\n\n\n\n<p dir=\"ltr\">En r\u00e9ponse \u00e0 une question sur le r\u00f4le que le S\u00e9n\u00e9gal et le Maroc peuvent jouer face aux grands d\u00e9fis auxquels le continent africain est confront\u00e9, M. Naciri a soulign\u00e9 qu\u2019en ce qui concerne la pand\u00e9mie de Covid-19, le Maroc et le S\u00e9n\u00e9gal ont d\u00e9ploy\u00e9 des efforts consid\u00e9rables, non seulement pour att\u00e9nuer les effets de la crise, mais aussi pour en tirer les le\u00e7ons et jeter les bases d\u2019une industrie nationale qui garantisse, dans un avenir proche, l\u2019autosuffisance dans les domaines de l\u2019alimentation, de la sant\u00e9 et autres.<\/p>\n\n\n\n<p dir=\"ltr\">\u00ab&nbsp;Dans nos deux pays, il existe de grandes unit\u00e9s de fabrication de m\u00e9dicaments et de vaccins de toutes sortes&nbsp;\u00bb, a-t-il not\u00e9, soulignant que par ailleurs, dans le cadre de l\u2019incarnation des relations de solidarit\u00e9, le Maroc a mis en place un pont a\u00e9rien lors de la crise du Corona afin de livrer des m\u00e9dicaments, des masques et des fournitures m\u00e9dicales \u00e0 plus de 20 pays africains fr\u00e8res, men\u00e9s par le S\u00e9n\u00e9gal. Cette action s\u2019inscrit pleinement dans la pratique marocaine de solidarit\u00e9 active, notamment sous le r\u00e8gne de Sa Majest\u00e9 le Roi Mohammed VI, a-t-il poursuivi, ajoutant qu\u2019au moment o\u00f9 \u00ab&nbsp;le monde entier, en particulier sur notre continent, souffre d\u2019une p\u00e9nurie d\u2019engrais, cons\u00e9quence directe de la guerre russo-ukrainienne, Sa Majest\u00e9 le Roi a donn\u00e9 des instructions pour donner des centaines de millions de tonnes de produits phosphat\u00e9s \u00e0 des pays fr\u00e8res et amis en Afrique et \u00e0 l\u2019\u00e9tranger&nbsp;\u00bb.<\/p>\n\n\n\n<p dir=\"ltr\">MAP \/ B C<\/p>\n\n\n\n<p dir=\"ltr\"><\/p>\n","protected":false},"excerpt":{"rendered":"<p>L\u2019ambassadeur de Sa Majest\u00e9 le Roi au S\u00e9n\u00e9gal, Hassan Naciri, a indiqu\u00e9 que les relations entre le Royaume du Maroc et la R\u00e9publique du S\u00e9n\u00e9gal sont bas\u00e9es sur \u00ab&nbsp;la compr\u00e9hension et le rapprochement&nbsp;\u00bb, soulignant que ces relations se sont renforc\u00e9es au cours des derni\u00e8res d\u00e9cennies. Le diplomate marocain a d\u00e9clar\u00e9 lundi dans une interview accord\u00e9e [&hellip;]<\/p>\n","protected":false},"author":1,"featured_media":832,"comment_status":"open","ping_status":"open","sticky":false,"template":"","format":"standard","meta":{"footnotes":""},"categories":[24,10],"tags":[],"class_list":["post-831","post","type-post","status-publish","format-standard","has-post-thumbnail","hentry","category-francais","category-international"],"_links":{"self":[{"href":"https:\/\/pressmedias.ma\/index.php?rest_route=\/wp\/v2\/posts\/831","targetHints":{"allow":["GET"]}}],"collection":[{"href":"https:\/\/pressmedias.ma\/index.php?rest_route=\/wp\/v2\/posts"}],"about":[{"href":"https:\/\/pressmedias.ma\/index.php?rest_route=\/wp\/v2\/types\/post"}],"author":[{"embeddable":true,"href":"https:\/\/pressmedias.ma\/index.php?rest_route=\/wp\/v2\/users\/1"}],"replies":[{"embeddable":true,"href":"https:\/\/pressmedias.ma\/index.php?rest_route=%2Fwp%2Fv2%2Fcomments&post=831"}],"version-history":[{"count":1,"href":"https:\/\/pressmedias.ma\/index.php?rest_route=\/wp\/v2\/posts\/831\/revisions"}],"predecessor-version":[{"id":833,"href":"https:\/\/pressmedias.ma\/index.php?rest_route=\/wp\/v2\/posts\/831\/revisions\/833"}],"wp:featuredmedia":[{"embeddable":true,"href":"https:\/\/pressmedias.ma\/index.php?rest_route=\/wp\/v2\/media\/832"}],"wp:attachment":[{"href":"https:\/\/pressmedias.ma\/index.php?rest_route=%2Fwp%2Fv2%2Fmedia&parent=831"}],"wp:term":[{"taxonomy":"category","embeddable":true,"href":"https:\/\/pressmedias.ma\/index.php?rest_route=%2Fwp%2Fv2%2Fcategories&post=831"},{"taxonomy":"post_tag","embeddable":true,"href":"https:\/\/pressmedias.ma\/index.php?rest_route=%2Fwp%2Fv2%2Ftags&post=831"}],"curies":[{"name":"wp","href":"https:\/\/api.w.org\/{rel}","templated":true}]}}