{"id":834,"date":"2023-04-03T23:00:37","date_gmt":"2023-04-03T23:00:37","guid":{"rendered":"https:\/\/pressmedias.ma\/?p=834"},"modified":"2025-04-17T16:29:05","modified_gmt":"2025-04-17T15:29:05","slug":"le-maroc-appelle-nairobi-a-creer-un-espace-juridique-africain-commun-pour-relever-les-defis-du-changement-climatique","status":"publish","type":"post","link":"https:\/\/pressmedias.ma\/?p=834","title":{"rendered":"Le Maroc appelle Nairobi \u00e0 cr\u00e9er un espace juridique africain commun pour relever les d\u00e9fis du changement climatique"},"content":{"rendered":"\n<p dir=\"ltr\">Le Royaume du Maroc a appel\u00e9, lundi \u00e0 Nairobi, \u00e0 la cr\u00e9ation d\u2019un espace juridique africain commun pour relever les d\u00e9fis du changement climatique.<\/p>\n\n\n\n<p dir=\"ltr\">Ainsi, dans un discours prononc\u00e9 \u00e0 l\u2019ouverture du troisi\u00e8me s\u00e9minaire r\u00e9gional sur les syst\u00e8mes judiciaires respectueux de l\u2019environnement en Afrique (3-5 avril), Mme Iman Al-Malki, Pr\u00e9sidente du P\u00f4le Affaires judiciaires du Conseil sup\u00e9rieur du pouvoir judiciaire, a soulign\u00e9 la n\u00e9cessit\u00e9 d\u2019\u00e9tablir un \u00e9quilibre entre les exigences du d\u00e9veloppement durable et de la protection de l\u2019environnement dans tous les projets de r\u00e9forme dans le cadre d\u2019un espace juridique commun.<\/p>\n\n\n\n<p dir=\"ltr\">Mme Al-Malki, Conseill\u00e8re \u00e0 la Cour de cassation, a expliqu\u00e9 que la question de l\u2019environnement est un \u00e9l\u00e9ment unifi\u00e9 des pays africains, et consacre l\u2019appartenance continentale et un destin commun, notant que l\u2019environnement est un bien commun pour les nations et une responsabilit\u00e9 collective qui exige la participation de tous les intervenants et acteurs et la d\u00e9termination de leurs responsabilit\u00e9s.<\/p>\n\n\n\n<p dir=\"ltr\">Elle a soulign\u00e9 que les pays africains sont aujourd\u2019hui confront\u00e9s aux m\u00eames probl\u00e8mes li\u00e9s \u00e0 la d\u00e9sertification, \u00e0 la s\u00e9cheresse et au changement climatique, soulignant que les citoyens africains sont pass\u00e9s du stade de l\u2019adaptation \u00e0 l\u2019oc\u00e9an \u00e0 la recherche de meilleures opportunit\u00e9s dans un meilleur environnement.<\/p>\n\n\n\n<p dir=\"ltr\">Elle a \u00e9galement soulign\u00e9 l\u2019importance de moderniser le syst\u00e8me juridique et sa compatibilit\u00e9 avec les obligations r\u00e9gionales et internationales et de fournir des moyens humains, logistiques et de gestion pour les activer, appelant dans ce contexte \u00e0 l\u2019adoption d\u2019une m\u00e9thodologie pr\u00e9ventive et dissuasive pour lutter contre cette h\u00e9morragie environnementale qui menace la vie et l\u2019avenir de l\u2019humanit\u00e9.<\/p>\n\n\n\n<p dir=\"ltr\">Elle a soulign\u00e9 que les cours de cassation \u00e9taient les premi\u00e8res \u00e0 s\u2019orienter vers un avenir vert gr\u00e2ce \u00e0 une approche modernisatrice des m\u00e9canismes du travail judiciaire et administratif, ainsi que des programmes de formation continue de leurs juges, soulignant le r\u00f4le des instituts de formation judiciaire pour faire de la mati\u00e8re du droit de l\u2019environnement une mati\u00e8re fondamentale dans les programmes de formation.<\/p>\n\n\n\n<p dir=\"ltr\">Elle a \u00e9galement soulign\u00e9 le r\u00f4le central du pouvoir judiciaire dans la protection des droits et libert\u00e9s en g\u00e9n\u00e9ral et la cons\u00e9cration de la s\u00e9curit\u00e9 environnementale en particulier, soulignant la n\u00e9cessit\u00e9 d\u2019initiatives s\u00e9rieuses et de strat\u00e9gies int\u00e9gr\u00e9es pour corriger les d\u00e9s\u00e9quilibres, surmonter les obstacles et relever les d\u00e9fis avec courage, audace et clart\u00e9.<\/p>\n\n\n\n<p dir=\"ltr\">Dans ce contexte, Mme Al-Malki a d\u00e9clar\u00e9 que \u00ab ce symposium repr\u00e9sente une \u00e9tape majeure dans ce chemin long et ardu que nous allons parcourir ensemble pour une l\u00e9gislation r\u00e9ussie et un syst\u00e8me judiciaire \u00e9cologique qui s\u2019adapte \u00e0 tous les changements et r\u00e9alise le contenu de nos engagements et de notre mission \u00bb.<\/p>\n\n\n\n<p dir=\"ltr\">Le s\u00e9minaire r\u00e9gional, organis\u00e9 sous le th\u00e8me \u00ab Renforcer le r\u00f4le du pouvoir judiciaire dans la lutte contre le changement climatique en Afrique \u00bb, qui se d\u00e9roulera jusqu\u2019\u00e0 mercredi prochain, r\u00e9unira plus de 300 participants, dont 27 magistrats en chef des pays du continent africain.<\/p>\n\n\n\n<p dir=\"ltr\">La s\u00e9ance d\u2019ouverture a \u00e9t\u00e9 marqu\u00e9e par la pr\u00e9sence du pr\u00e9sident kenyan William Ruto qui, dans un discours prononc\u00e9 \u00e0 cette occasion, a appel\u00e9 les dirigeants africains \u00e0 former un front uni afin de lutter contre le changement climatique, notant que l\u2019Afrique est touch\u00e9e de mani\u00e8re disproportionn\u00e9e par les effets n\u00e9gatifs de ce ph\u00e9nom\u00e8ne.<\/p>\n\n\n\n<p dir=\"ltr\">Le pr\u00e9sident kenyan a ajout\u00e9 que la restructuration institutionnelle et la reconfiguration \u00e9conomique r\u00e9sultant de ce changement structurel feront de l\u2019Afrique non seulement un continent d\u2019avenir, mais aussi une superpuissance \u00e9conomique verte mondiale.<\/p>\n\n\n\n<p dir=\"ltr\">MAP \/ DR<\/p>\n","protected":false},"excerpt":{"rendered":"<p>Le Royaume du Maroc a appel\u00e9, lundi \u00e0 Nairobi, \u00e0 la cr\u00e9ation d\u2019un espace juridique africain commun pour relever les d\u00e9fis du changement climatique. Ainsi, dans un discours prononc\u00e9 \u00e0 l\u2019ouverture du troisi\u00e8me s\u00e9minaire r\u00e9gional sur les syst\u00e8mes judiciaires respectueux de l\u2019environnement en Afrique (3-5 avril), Mme Iman Al-Malki, Pr\u00e9sidente du P\u00f4le Affaires judiciaires du [&hellip;]<\/p>\n","protected":false},"author":1,"featured_media":837,"comment_status":"open","ping_status":"open","sticky":false,"template":"","format":"standard","meta":{"footnotes":""},"categories":[24,10],"tags":[],"class_list":["post-834","post","type-post","status-publish","format-standard","has-post-thumbnail","hentry","category-francais","category-international"],"_links":{"self":[{"href":"https:\/\/pressmedias.ma\/index.php?rest_route=\/wp\/v2\/posts\/834","targetHints":{"allow":["GET"]}}],"collection":[{"href":"https:\/\/pressmedias.ma\/index.php?rest_route=\/wp\/v2\/posts"}],"about":[{"href":"https:\/\/pressmedias.ma\/index.php?rest_route=\/wp\/v2\/types\/post"}],"author":[{"embeddable":true,"href":"https:\/\/pressmedias.ma\/index.php?rest_route=\/wp\/v2\/users\/1"}],"replies":[{"embeddable":true,"href":"https:\/\/pressmedias.ma\/index.php?rest_route=%2Fwp%2Fv2%2Fcomments&post=834"}],"version-history":[{"count":1,"href":"https:\/\/pressmedias.ma\/index.php?rest_route=\/wp\/v2\/posts\/834\/revisions"}],"predecessor-version":[{"id":836,"href":"https:\/\/pressmedias.ma\/index.php?rest_route=\/wp\/v2\/posts\/834\/revisions\/836"}],"wp:featuredmedia":[{"embeddable":true,"href":"https:\/\/pressmedias.ma\/index.php?rest_route=\/wp\/v2\/media\/837"}],"wp:attachment":[{"href":"https:\/\/pressmedias.ma\/index.php?rest_route=%2Fwp%2Fv2%2Fmedia&parent=834"}],"wp:term":[{"taxonomy":"category","embeddable":true,"href":"https:\/\/pressmedias.ma\/index.php?rest_route=%2Fwp%2Fv2%2Fcategories&post=834"},{"taxonomy":"post_tag","embeddable":true,"href":"https:\/\/pressmedias.ma\/index.php?rest_route=%2Fwp%2Fv2%2Ftags&post=834"}],"curies":[{"name":"wp","href":"https:\/\/api.w.org\/{rel}","templated":true}]}}